{"id":8482,"date":"2023-11-28T01:21:51","date_gmt":"2023-11-28T00:21:51","guid":{"rendered":"https:\/\/krets.jagareforbundet.se\/folkarna\/?p=8482"},"modified":"2023-11-28T01:21:51","modified_gmt":"2023-11-28T00:21:51","slug":"styrelseprotokoll","status":"publish","type":"post","link":"https:\/\/krets.jagareforbundet.se\/folkarna\/2023\/11\/28\/styrelseprotokoll\/","title":{"rendered":"Styrelseprotokoll"},"content":{"rendered":"<p>Styrelseprotokoll fr\u00e5n 2023-11-23 skickas till medlemmar som l\u00e4mnat e-post adress.<\/p>\n<p>[2023-11-28] \u00c5B<\/p>\n","protected":false},"excerpt":{"rendered":"<p>Styrelseprotokoll fr\u00e5n 2023-11-23 skickas till medlemmar som l\u00e4mnat e-post adress. [2023-11-28] \u00c5B<\/p>\n","protected":false},"author":78,"featured_media":0,"comment_status":"closed","ping_status":"closed","sticky":false,"template":"","format":"standard","meta":{"footnotes":""},"categories":[68],"tags":[],"class_list":["post-8482","post","type-post","status-publish","format-standard","hentry","category-moten"],"jetpack_featured_media_url":"","_links":{"self":[{"href":"https:\/\/krets.jagareforbundet.se\/folkarna\/wp-json\/wp\/v2\/posts\/8482","targetHints":{"allow":["GET"]}}],"collection":[{"href":"https:\/\/krets.jagareforbundet.se\/folkarna\/wp-json\/wp\/v2\/posts"}],"about":[{"href":"https:\/\/krets.jagareforbundet.se\/folkarna\/wp-json\/wp\/v2\/types\/post"}],"author":[{"embeddable":true,"href":"https:\/\/krets.jagareforbundet.se\/folkarna\/wp-json\/wp\/v2\/users\/78"}],"replies":[{"embeddable":true,"href":"https:\/\/krets.jagareforbundet.se\/folkarna\/wp-json\/wp\/v2\/comments?post=8482"}],"version-history":[{"count":1,"href":"https:\/\/krets.jagareforbundet.se\/folkarna\/wp-json\/wp\/v2\/posts\/8482\/revisions"}],"predecessor-version":[{"id":8483,"href":"https:\/\/krets.jagareforbundet.se\/folkarna\/wp-json\/wp\/v2\/posts\/8482\/revisions\/8483"}],"wp:attachment":[{"href":"https:\/\/krets.jagareforbundet.se\/folkarna\/wp-json\/wp\/v2\/media?parent=8482"}],"wp:term":[{"taxonomy":"category","embeddable":true,"href":"https:\/\/krets.jagareforbundet.se\/folkarna\/wp-json\/wp\/v2\/categories?post=8482"},{"taxonomy":"post_tag","embeddable":true,"href":"https:\/\/krets.jagareforbundet.se\/folkarna\/wp-json\/wp\/v2\/tags?post=8482"}],"curies":[{"name":"wp","href":"https:\/\/api.w.org\/{rel}","templated":true}]}}