{"id":612,"date":"2020-02-03T12:32:41","date_gmt":"2020-02-03T11:32:41","guid":{"rendered":"https:\/\/krets.jagareforbundet.se\/stockholmscentrala\/?p=612"},"modified":"2020-02-13T21:56:41","modified_gmt":"2020-02-13T20:56:41","slug":"forslag-till-dagordning-for-arsmote-2020-02-10","status":"publish","type":"post","link":"https:\/\/krets.jagareforbundet.se\/stockholmscentrala\/2020\/02\/03\/forslag-till-dagordning-for-arsmote-2020-02-10\/","title":{"rendered":"*avklarat*F\u00f6rslag till Dagordning f\u00f6r \u00e5rsm\u00f6te 2020-02-10"},"content":{"rendered":"<p>Stockholm Centrala Jaktv\u00e5rdskrets nr 121<br \/>\nF\u00f6rslag till Dagordning f\u00f6r \u00e5rsm\u00f6te 2020-02-10<br \/>\n1. Fastst\u00e4llande av r\u00f6stl\u00e4ngd<br \/>\n2. \u00c5rsm\u00f6tesfunktion\u00e4rer<br \/>\na. Val av ordf\u00f6rande<br \/>\nb. Val av tv\u00e5 personer att j\u00e4mte ordf\u00f6rande justera \u00e5rsm\u00f6tets protokoll<br \/>\nc. Val av tv\u00e5 personer som r\u00f6str\u00e4knare<br \/>\nd. Anm\u00e4lan om av styrelsen utsedd sekreterare<br \/>\n3 Fr\u00e5ga om \u00e5rsm\u00f6tet \u00e4r stadgeenligt utlyst<br \/>\n4 Fastst\u00e4llande av dagordning<br \/>\n5 Styrelsens verksamhets- och f\u00f6rvaltningsber\u00e4ttelse<br \/>\n6 Revisorernas ber\u00e4ttelse<br \/>\n7 Fastst\u00e4llande av balansr\u00e4kning<br \/>\n8 Fr\u00e5ga om ansvarsfrihet f\u00f6r styrelsen<br \/>\n9 Val av kretsens tillika styrelsens ordf\u00f6rande<br \/>\n10 Val av \u00f6vriga ledam\u00f6ter samt suppleanter i styrelsen<br \/>\n11 Val av tv\u00e5 revisorer och tv\u00e5 suppleanter<br \/>\n12 Val av ombud och suppleanter till l\u00e4nsf\u00f6reningsst\u00e4mma<br \/>\n13 Val av valberedning<br \/>\n14 Styrelsens f\u00f6rslag<br \/>\na. i \u00e4rende, varav l\u00e4nsjaktf\u00f6reningen infordrat yttrande<br \/>\nb. ang\u00e5ende inkomna motioner<br \/>\nc. ang\u00e5ende \u00f6vriga \u00e4renden<br \/>\n15 Best\u00e4mmande av s\u00e4ttet att kalla till n\u00e4sta \u00e5rsm\u00f6te och ev. extra m\u00f6te<br \/>\n16 \u00d6vriga fr\u00e5gor som \u00e5rsm\u00f6tet beslutar ta upp till behandling<br \/>\n17 Datum f\u00f6r n\u00e4sta \u00e5rsm\u00f6te<br \/>\n18 \u00c5rsm\u00f6tets avslutande<\/p>\n<div><strong>H\u00e4r nedan anm\u00e4ler ni er, under skicka knappen finns det \u00e4ven en mailadress om ni f\u00e5r problem.<\/strong><\/div>\n<div><\/div>\n<div>\n<header>\n<section class=\"entry\">\n<div><div class=\"post contact-form\">\n<form action=\"\" id=\"contactForm\" method=\"post\">\n<fieldset class=\"forms\">\n<p><label for=\"contactName\">Name<\/label>\n<input type=\"text\" name=\"contactName\" id=\"contactName\" value=\"\" class=\"txt requiredField\" \/>\n<\/p>\n<p><label for=\"contactEmail\">Email<\/label>\n<input type=\"text\" name=\"contactEmail\" id=\"contactEmail\" value=\"\" class=\"txt requiredField email\" \/>\n<\/p>\n<p class=\"textarea\"><label for=\"contactMessage\">Message<\/label>\n<textarea name=\"contactMessage\" id=\"contactMessage\" rows=\"20\" cols=\"30\" class=\"textarea requiredField\"><\/textarea>\n<\/p>\n<p class=\"inline\"><input type=\"checkbox\" name=\"sendCopy\" id=\"sendCopy\" value=\"true\" \/><label for=\"sendCopy\">Send a copy of this email to yourself<\/label><\/p>\n<p class=\"screenReader\"><label for=\"checking\" class=\"screenReader\">If you want to submit this form, do not enter anything in this field<\/label><input type=\"text\" name=\"checking\" id=\"checking\" class=\"screenReader\" value=\"\" \/><\/p>\n<p class=\"buttons\"><input type=\"hidden\" name=\"submitted\" id=\"submitted\" value=\"true\" \/><input class=\"submit button\" type=\"submit\" value=\"Submit\" \/><\/p><\/fieldset>\n<\/form>\n<\/div><!--\/.post .contact-form-->\n<div class=\"fix\"><\/div>\n<\/div>\n<\/section>\n<\/header>\n<div><\/div>\n<header>\n<div>Det \u00e4r en liten &#8221;bugg&#8221; i systemet s\u00e5 ni kan f\u00e5 dubbla bekr\u00e4ftelser,<\/div>\n<div><\/div>\n<section class=\"entry\">\n<div><strong>Anm\u00e4lan till \u00e5rsm\u00f6te 2020:\u00a0 <a href=\"mailto:sthlmcentrala@gmail.com\">sthlmcentrala@gmail.com<\/a><\/strong><\/div>\n<\/section>\n<\/header>\n<\/div>\n","protected":false},"excerpt":{"rendered":"<p>Stockholm Centrala Jaktv\u00e5rdskrets nr 121 F\u00f6rslag till Dagordning f\u00f6r \u00e5rsm\u00f6te 2020-02-10 1. Fastst\u00e4llande av r\u00f6stl\u00e4ngd 2. \u00c5rsm\u00f6tesfunktion\u00e4rer a. Val av ordf\u00f6rande b. Val av tv\u00e5 personer att j\u00e4mte ordf\u00f6rande justera \u00e5rsm\u00f6tets protokoll c. Val av tv\u00e5 personer som r\u00f6str\u00e4knare d. Anm\u00e4lan om av styrelsen utsedd sekreterare 3 Fr\u00e5ga om \u00e5rsm\u00f6tet \u00e4r stadgeenligt utlyst 4 Fastst\u00e4llande [&hellip;]<\/p>\n","protected":false},"author":129,"featured_media":0,"comment_status":"open","ping_status":"open","sticky":false,"template":"","format":"standard","meta":{"footnotes":""},"categories":[1],"tags":[],"class_list":["post-612","post","type-post","status-publish","format-standard","hentry","category-okategoriserade"],"jetpack_featured_media_url":"","_links":{"self":[{"href":"https:\/\/krets.jagareforbundet.se\/stockholmscentrala\/wp-json\/wp\/v2\/posts\/612","targetHints":{"allow":["GET"]}}],"collection":[{"href":"https:\/\/krets.jagareforbundet.se\/stockholmscentrala\/wp-json\/wp\/v2\/posts"}],"about":[{"href":"https:\/\/krets.jagareforbundet.se\/stockholmscentrala\/wp-json\/wp\/v2\/types\/post"}],"author":[{"embeddable":true,"href":"https:\/\/krets.jagareforbundet.se\/stockholmscentrala\/wp-json\/wp\/v2\/users\/129"}],"replies":[{"embeddable":true,"href":"https:\/\/krets.jagareforbundet.se\/stockholmscentrala\/wp-json\/wp\/v2\/comments?post=612"}],"version-history":[{"count":3,"href":"https:\/\/krets.jagareforbundet.se\/stockholmscentrala\/wp-json\/wp\/v2\/posts\/612\/revisions"}],"predecessor-version":[{"id":630,"href":"https:\/\/krets.jagareforbundet.se\/stockholmscentrala\/wp-json\/wp\/v2\/posts\/612\/revisions\/630"}],"wp:attachment":[{"href":"https:\/\/krets.jagareforbundet.se\/stockholmscentrala\/wp-json\/wp\/v2\/media?parent=612"}],"wp:term":[{"taxonomy":"category","embeddable":true,"href":"https:\/\/krets.jagareforbundet.se\/stockholmscentrala\/wp-json\/wp\/v2\/categories?post=612"},{"taxonomy":"post_tag","embeddable":true,"href":"https:\/\/krets.jagareforbundet.se\/stockholmscentrala\/wp-json\/wp\/v2\/tags?post=612"}],"curies":[{"name":"wp","href":"https:\/\/api.w.org\/{rel}","templated":true}]}}