{"id":202,"date":"2016-04-24T01:41:48","date_gmt":"2016-04-23T23:41:48","guid":{"rendered":"https:\/\/krets.jagareforbundet.se\/sydvastra_blekinge\/?p=202"},"modified":"2016-04-24T01:41:48","modified_gmt":"2016-04-23T23:41:48","slug":"hornbedomning-eriksberg","status":"publish","type":"post","link":"https:\/\/krets.jagareforbundet.se\/sydvastra_blekinge\/2016\/04\/24\/hornbedomning-eriksberg\/","title":{"rendered":"Hornbed\u00f6mning, Eriksberg"},"content":{"rendered":"<p>Den <strong>1 maj 2016<\/strong> har Eriksberg tillsammans med Svenska J\u00e4garef\u00f6rbundet, en dag i viltets tecken.<\/p>\n<p>Ni har d\u00e5 m\u00f6jlighet att ta med era trof\u00e9er f\u00f6r bed\u00f6mning*. \u00c4lg, kronhjort, dovhjort, r\u00e5djur, vildsvin, mufflon samt \u00e4ven kranier av rovdjur kan m\u00e4tas. Under dagen h\u00e5lls f\u00f6rel\u00e4sningar\u00a0med kronhjortsexperten och viltforskaren Anders Jarnemo samt viltm\u00e4stare Poul-Erik Jensen. Vi har dessutom utst\u00e4llning av trof\u00e9er.<br \/>\nProgram, klockan 10.00-15.30:<br \/>\n\u2022 Ankomst, inl\u00e4mning av trof\u00e9er f\u00f6r m\u00e4tning och trof\u00e9utst\u00e4llning\u00a0i ladan. B\u00e5de om\u00e4tta och m\u00e4tta trof\u00e9er tas tacksamt emot f\u00f6r visning av alla arter.<br \/>\n\u2022 Lunch 12.00-13.00.<br \/>\n\u2022 13.00-14.30 Anders Jarnemo f\u00f6rel\u00e4ser om \u201dVarf\u00f6r \u00e4r fullvuxna handjur viktiga?\u201d.<br \/>\n\u2022 14.30 Poul Erik Jensen f\u00f6rel\u00e4ser om hornm\u00e4tningens grunder och visar hur m\u00e4tning g\u00e5r till.<br \/>\nSka ni enbart bes\u00f6ka hornbed\u00f6mningsdagen beh\u00f6ver ni inte betala entr\u00e9. Vill ni \u00e4ven k\u00f6ra runt p\u00e5 safarislingan och titta efter de vilda djuren m\u00e5ste ni betala g\u00e4llande entr\u00e9avgifter. I restaurang Visenten erbjuder vi viltinspirerad lunch f\u00f6r\u00a0275 kronor per person, d\u00e5 ing\u00e5r varmr\u00e4tt, salladsbuff\u00e9, br\u00f6d, efterr\u00e4tt och kaffe. Vi har \u00e4ven\u00a0\u00f6ppet i Eriksbergs g\u00e5rdsbutik\/kaf\u00e9.<br \/>\nV\u00e4lkomna till en dag bland det vilda!<\/p>\n","protected":false},"excerpt":{"rendered":"<p>Den 1 maj 2016 har Eriksberg tillsammans med Svenska J\u00e4garef\u00f6rbundet, en dag i viltets tecken. Ni har d\u00e5 m\u00f6jlighet att ta med era trof\u00e9er f\u00f6r bed\u00f6mning*. \u00c4lg, kronhjort, dovhjort, r\u00e5djur, vildsvin, mufflon samt \u00e4ven kranier av rovdjur kan m\u00e4tas. Under dagen h\u00e5lls f\u00f6rel\u00e4sningar\u00a0med kronhjortsexperten och viltforskaren Anders Jarnemo samt viltm\u00e4stare Poul-Erik Jensen. Vi har dessutom [&hellip;]<\/p>\n","protected":false},"author":206,"featured_media":0,"comment_status":"open","ping_status":"open","sticky":false,"template":"","format":"standard","meta":{"jetpack_post_was_ever_published":false,"footnotes":""},"categories":[1],"tags":[],"class_list":["post-202","post","type-post","status-publish","format-standard","hentry","category-okategoriserade"],"jetpack_featured_media_url":"","_links":{"self":[{"href":"https:\/\/krets.jagareforbundet.se\/sydvastra_blekinge\/wp-json\/wp\/v2\/posts\/202","targetHints":{"allow":["GET"]}}],"collection":[{"href":"https:\/\/krets.jagareforbundet.se\/sydvastra_blekinge\/wp-json\/wp\/v2\/posts"}],"about":[{"href":"https:\/\/krets.jagareforbundet.se\/sydvastra_blekinge\/wp-json\/wp\/v2\/types\/post"}],"author":[{"embeddable":true,"href":"https:\/\/krets.jagareforbundet.se\/sydvastra_blekinge\/wp-json\/wp\/v2\/users\/206"}],"replies":[{"embeddable":true,"href":"https:\/\/krets.jagareforbundet.se\/sydvastra_blekinge\/wp-json\/wp\/v2\/comments?post=202"}],"version-history":[{"count":0,"href":"https:\/\/krets.jagareforbundet.se\/sydvastra_blekinge\/wp-json\/wp\/v2\/posts\/202\/revisions"}],"wp:attachment":[{"href":"https:\/\/krets.jagareforbundet.se\/sydvastra_blekinge\/wp-json\/wp\/v2\/media?parent=202"}],"wp:term":[{"taxonomy":"category","embeddable":true,"href":"https:\/\/krets.jagareforbundet.se\/sydvastra_blekinge\/wp-json\/wp\/v2\/categories?post=202"},{"taxonomy":"post_tag","embeddable":true,"href":"https:\/\/krets.jagareforbundet.se\/sydvastra_blekinge\/wp-json\/wp\/v2\/tags?post=202"}],"curies":[{"name":"wp","href":"https:\/\/api.w.org\/{rel}","templated":true}]}}