{"id":208,"date":"2016-06-14T07:39:45","date_gmt":"2016-06-14T05:39:45","guid":{"rendered":"https:\/\/krets.jagareforbundet.se\/sydvastra_blekinge\/?p=208"},"modified":"2016-06-14T07:39:57","modified_gmt":"2016-06-14T05:39:57","slug":"viltvar-for-faltvilt","status":"publish","type":"post","link":"https:\/\/krets.jagareforbundet.se\/sydvastra_blekinge\/2016\/06\/14\/viltvar-for-faltvilt\/","title":{"rendered":"Viltv\u00e5rd f\u00f6r F\u00e4ltvilt"},"content":{"rendered":"<p>J\u00e4garef\u00f6rbundet Blekinge Sydv\u00e4stra kretsen inbjuder alla medlemmar i J\u00e4garef\u00f6rbundet och andra j\u00e4gare till viltv\u00e5rdsexkursion, med inriktning mot f\u00e4ltvilt p\u00e5 Stensn\u00e4s.<\/p>\n<p>Viltm\u00e4stare Ove Johansson kommer att visa praktiska viltv\u00e5rds\u00e5tg\u00e4rder, ex viltvatten, viltremisser, vilt\u00e5krar, skyddszoner mm.<\/p>\n<p>Onsdagen den 15 juni 2016 kl 17,30. Samling Stensn\u00e4s Herrg\u00e5rd.<\/p>\n<p>V\u00e4lkomna!<\/p>\n","protected":false},"excerpt":{"rendered":"<p>J\u00e4garef\u00f6rbundet Blekinge Sydv\u00e4stra kretsen inbjuder alla medlemmar i J\u00e4garef\u00f6rbundet och andra j\u00e4gare till viltv\u00e5rdsexkursion, med inriktning mot f\u00e4ltvilt p\u00e5 Stensn\u00e4s. Viltm\u00e4stare Ove Johansson kommer att visa praktiska viltv\u00e5rds\u00e5tg\u00e4rder, ex viltvatten, viltremisser, vilt\u00e5krar, skyddszoner mm. Onsdagen den 15 juni 2016 kl 17,30. Samling Stensn\u00e4s Herrg\u00e5rd. V\u00e4lkomna!<\/p>\n","protected":false},"author":206,"featured_media":0,"comment_status":"open","ping_status":"open","sticky":false,"template":"","format":"standard","meta":{"jetpack_post_was_ever_published":false,"footnotes":""},"categories":[1],"tags":[],"class_list":["post-208","post","type-post","status-publish","format-standard","hentry","category-okategoriserade"],"jetpack_featured_media_url":"","_links":{"self":[{"href":"https:\/\/krets.jagareforbundet.se\/sydvastra_blekinge\/wp-json\/wp\/v2\/posts\/208","targetHints":{"allow":["GET"]}}],"collection":[{"href":"https:\/\/krets.jagareforbundet.se\/sydvastra_blekinge\/wp-json\/wp\/v2\/posts"}],"about":[{"href":"https:\/\/krets.jagareforbundet.se\/sydvastra_blekinge\/wp-json\/wp\/v2\/types\/post"}],"author":[{"embeddable":true,"href":"https:\/\/krets.jagareforbundet.se\/sydvastra_blekinge\/wp-json\/wp\/v2\/users\/206"}],"replies":[{"embeddable":true,"href":"https:\/\/krets.jagareforbundet.se\/sydvastra_blekinge\/wp-json\/wp\/v2\/comments?post=208"}],"version-history":[{"count":0,"href":"https:\/\/krets.jagareforbundet.se\/sydvastra_blekinge\/wp-json\/wp\/v2\/posts\/208\/revisions"}],"wp:attachment":[{"href":"https:\/\/krets.jagareforbundet.se\/sydvastra_blekinge\/wp-json\/wp\/v2\/media?parent=208"}],"wp:term":[{"taxonomy":"category","embeddable":true,"href":"https:\/\/krets.jagareforbundet.se\/sydvastra_blekinge\/wp-json\/wp\/v2\/categories?post=208"},{"taxonomy":"post_tag","embeddable":true,"href":"https:\/\/krets.jagareforbundet.se\/sydvastra_blekinge\/wp-json\/wp\/v2\/tags?post=208"}],"curies":[{"name":"wp","href":"https:\/\/api.w.org\/{rel}","templated":true}]}}