{"id":210,"date":"2016-07-01T07:48:41","date_gmt":"2016-07-01T05:48:41","guid":{"rendered":"https:\/\/krets.jagareforbundet.se\/sydvastra_blekinge\/?p=210"},"modified":"2016-07-01T07:48:41","modified_gmt":"2016-07-01T05:48:41","slug":"valbesokt-forelasning-om-dovvilt","status":"publish","type":"post","link":"https:\/\/krets.jagareforbundet.se\/sydvastra_blekinge\/2016\/07\/01\/valbesokt-forelasning-om-dovvilt\/","title":{"rendered":"V\u00e4lbes\u00f6kt f\u00f6rel\u00e4sning om Dovvilt!"},"content":{"rendered":"<p><strong>Det kom 60 personer till Nogersunds bygdeg\u00e5rd n\u00e4r J\u00e4garef\u00f6rbundet Blekinge Sydv\u00e4st arrangerade en dovviltsf\u00f6rel\u00e4sning med viltm\u00e4stare Dan J\u00f6nsson fr\u00e5n Maltesholm som f\u00f6rel\u00e4sare.<\/strong><\/p>\n<p>Dan inledde med kort presentation av Maltesholm, som \u00e4r ett stort gods p\u00e5 ca 2400 ha, bel\u00e4get ca 2 mil s\u00f6der om Kristianstad. \u00c4gare \u00e4r familjen Palmstierna och egendomen har varit i sl\u00e4ktens \u00e4go \u00a0sedan 1600-talet. Nuvarande \u00e4gare \u00e4r Niclas Palmstierna. Godset skall bevaras och utvecklas av de int\u00e4kter godset genererar. En av dessa int\u00e4kter \u00e4r jakten d\u00e4r dovviltsjakten dominerar kraftigt. Godset har ett stort dovviltbest\u00e5nd, vars ursprung \u00e4r fr\u00e5n ett h\u00e4gn i grannskapet som man \u00f6ppnade upp i slutet av andra v\u00e4rldskriget pga foderbrist.<\/p>\n<div id=\"attachment_211\" style=\"width: 310px\" class=\"wp-caption alignleft\"><a href=\"https:\/\/krets.jagareforbundet.se\/sydvastra_blekinge\/files\/2016\/07\/dov-02.jpg\"><img loading=\"lazy\" decoding=\"async\" aria-describedby=\"caption-attachment-211\" class=\"size-medium wp-image-211\" src=\"https:\/\/krets.jagareforbundet.se\/sydvastra_blekinge\/files\/2016\/07\/dov-02-300x200.jpg\" alt=\"F\u00f6rel\u00e4sning Dovvilt\" width=\"300\" height=\"200\" srcset=\"https:\/\/krets.jagareforbundet.se\/sydvastra_blekinge\/files\/2016\/07\/dov-02-300x200.jpg 300w, https:\/\/krets.jagareforbundet.se\/sydvastra_blekinge\/files\/2016\/07\/dov-02.jpg 600w\" sizes=\"auto, (max-width: 300px) 100vw, 300px\" \/><\/a><p id=\"caption-attachment-211\" class=\"wp-caption-text\">F\u00f6rel\u00e4sning Dovvilt<\/p><\/div>\n<p>Dan\u00a0 kom till Maltesholm 2009 och hans uppgift blev att strukturera upp jakten som till 95% var jakt p\u00e5 dovvilt. Utg\u00e5ngsl\u00e4get var att ca 200 dovvilt per \u00e5r sk\u00f6ts. F\u00f6r att f\u00e5 ett b\u00e4ttre grepp om stammens storlek gjordes en f\u00f6rsta enklare v\u00e5r inventering p\u00e5 den \u00f6ppna delan av marken. Efter inventeringen kunde Dan konstatera att andelen \u00e4ldre handjur\/hjortar var mycket l\u00e5g. Han besl\u00f6t tillsammans med \u00e4garen att under n\u00e5gra \u00e5r inte skjuta n\u00e5gra handjur. Dessutom skulle avskjutningen \u00f6kas till 400 djur per \u00e5r. En annan \u00e5tg\u00e4rd var att sprida ut utfodringen \u00f6ver ett st\u00f6rre omr\u00e5de genom att l\u00e4gga ut fodret p\u00e5 ett 80-tal platser. Genom denna \u00e5tg\u00e4rd minskade den tidigare koncentrerade ansamlingen av djur, f\u00f6r att p\u00e5 s\u00e5 s\u00e4tt f\u00e5 en effektivare jakt och minska belastningen p\u00e5 produktions skogen.<\/p>\n<p>Efter f\u00f6rsta s\u00e4song gjordes en ny v\u00e5r inventering, m\u00e4rkligt nog gav den fler observationer \u00e4n f\u00f6rsta inventeringen gjort, trots att avskjutningen \u00f6kat med hundra procent.\u00a0 Pga detta besl\u00f6ts att f\u00f6rs\u00f6ka \u00f6ka p\u00e5 fakta insamlingen ytterligare och att l\u00e4gga en tre \u00e5rig m\u00e5ls\u00e4ttning\/plan med hur man b\u00e4sta skulle f\u00f6rvalta dovviltet.<\/p>\n<div id=\"attachment_212\" style=\"width: 310px\" class=\"wp-caption alignright\"><a href=\"https:\/\/krets.jagareforbundet.se\/sydvastra_blekinge\/files\/2016\/07\/dov-01.jpg\"><img loading=\"lazy\" decoding=\"async\" aria-describedby=\"caption-attachment-212\" class=\"size-medium wp-image-212\" src=\"https:\/\/krets.jagareforbundet.se\/sydvastra_blekinge\/files\/2016\/07\/dov-01-300x200.jpg\" alt=\"F\u00f6rel\u00e4sning Dovvilt\" width=\"300\" height=\"200\" srcset=\"https:\/\/krets.jagareforbundet.se\/sydvastra_blekinge\/files\/2016\/07\/dov-01-300x200.jpg 300w, https:\/\/krets.jagareforbundet.se\/sydvastra_blekinge\/files\/2016\/07\/dov-01.jpg 600w\" sizes=\"auto, (max-width: 300px) 100vw, 300px\" \/><\/a><p id=\"caption-attachment-212\" class=\"wp-caption-text\">F\u00f6rel\u00e4sning Dovvilt<\/p><\/div>\n<p>N\u00e5gra av de saker m\u00e5ls\u00e4ttningen inneh\u00f6ll var av f\u00e5 ner stammen till \u00e5rlig avskjutning p\u00e5 300 djur\/\u00e5r, minst 60 %\u00a0 av avskjutningen skulle utg\u00f6ras av kalvar, h\u00f6ja andel vuxna hjortar\/handjur till 20% av stammen osv. Jordbruks marken skulle odlas upp i etapper, vilt\u00e5krar\/vallar skulle anl\u00e4ggas, f\u00f6rs\u00f6ka \u00f6ka andel naturligt producerat foder osv .Dan menar att ett systematiskt insamlande av data om hjortarna \u00a0ger en b\u00e4ttre och trov\u00e4rdigare f\u00f6rvaltning.<\/p>\n<p>Dan informerade ocks\u00e5 om dovviltets levnadsbetingelser och en massa annat som kan var bra att f\u00f6rst\u00e5 n\u00e4r man har eller \u00e4r p\u00e5 v\u00e4g att f\u00e5 dovvilt p\u00e5 sina marker.<\/p>\n<p>N\u00e4r det g\u00e4llde den Blekingska situationen, med p\u00e5 vissa h\u00e5ll en v\u00e4xande stam som nu m\u00e5ste f\u00f6rvaltas p\u00e5 b\u00e4sta s\u00e4tt, gav Dan de Blekingska j\u00e4garna f\u00f6ljande r\u00e5d ; Samarbeta \u00f6ver ett st\u00f6rre omr\u00e5de (finns \u00c4SO \u2013 anv\u00e4nd dem). Samla info. G\u00f6r en f\u00f6rvaltningsplan, baserad p\u00e5 en gemensam m\u00e5ls\u00e4ttning som inneh\u00e5ller regler som \u00e4r tydliga och enkla f\u00f6r de flesta att acceptera. Lyssna p\u00e5 mark\u00e4garna, om m\u00e5ls\u00e4ttningen skall vara trov\u00e4rdig och h\u00e5lla \u00f6ver tiden m\u00e5ste mark\u00e4garna vara involverade i m\u00e5ls\u00e4ttningen. Spara de st\u00f6rre hjortarna \u00a0i b\u00f6rjan och var restriktiv med handjursavskjutningen \u00f6ver lag. Skjut mest kalv i ett uppbyggnads skede.<\/p>\n<p>Jan Elmeklo<\/p>\n","protected":false},"excerpt":{"rendered":"<p>Det kom 60 personer till Nogersunds bygdeg\u00e5rd n\u00e4r J\u00e4garef\u00f6rbundet Blekinge Sydv\u00e4st arrangerade en dovviltsf\u00f6rel\u00e4sning med viltm\u00e4stare Dan J\u00f6nsson fr\u00e5n Maltesholm som f\u00f6rel\u00e4sare. Dan inledde med kort presentation av Maltesholm, som \u00e4r ett stort gods p\u00e5 ca 2400 ha, bel\u00e4get ca 2 mil s\u00f6der om Kristianstad. \u00c4gare \u00e4r familjen Palmstierna och egendomen har varit i sl\u00e4ktens [&hellip;]<\/p>\n","protected":false},"author":206,"featured_media":0,"comment_status":"open","ping_status":"open","sticky":false,"template":"","format":"standard","meta":{"jetpack_post_was_ever_published":false,"footnotes":""},"categories":[1],"tags":[],"class_list":["post-210","post","type-post","status-publish","format-standard","hentry","category-okategoriserade"],"jetpack_featured_media_url":"","_links":{"self":[{"href":"https:\/\/krets.jagareforbundet.se\/sydvastra_blekinge\/wp-json\/wp\/v2\/posts\/210","targetHints":{"allow":["GET"]}}],"collection":[{"href":"https:\/\/krets.jagareforbundet.se\/sydvastra_blekinge\/wp-json\/wp\/v2\/posts"}],"about":[{"href":"https:\/\/krets.jagareforbundet.se\/sydvastra_blekinge\/wp-json\/wp\/v2\/types\/post"}],"author":[{"embeddable":true,"href":"https:\/\/krets.jagareforbundet.se\/sydvastra_blekinge\/wp-json\/wp\/v2\/users\/206"}],"replies":[{"embeddable":true,"href":"https:\/\/krets.jagareforbundet.se\/sydvastra_blekinge\/wp-json\/wp\/v2\/comments?post=210"}],"version-history":[{"count":0,"href":"https:\/\/krets.jagareforbundet.se\/sydvastra_blekinge\/wp-json\/wp\/v2\/posts\/210\/revisions"}],"wp:attachment":[{"href":"https:\/\/krets.jagareforbundet.se\/sydvastra_blekinge\/wp-json\/wp\/v2\/media?parent=210"}],"wp:term":[{"taxonomy":"category","embeddable":true,"href":"https:\/\/krets.jagareforbundet.se\/sydvastra_blekinge\/wp-json\/wp\/v2\/categories?post=210"},{"taxonomy":"post_tag","embeddable":true,"href":"https:\/\/krets.jagareforbundet.se\/sydvastra_blekinge\/wp-json\/wp\/v2\/tags?post=210"}],"curies":[{"name":"wp","href":"https:\/\/api.w.org\/{rel}","templated":true}]}}