{"id":213,"date":"2016-07-01T08:13:48","date_gmt":"2016-07-01T06:13:48","guid":{"rendered":"https:\/\/krets.jagareforbundet.se\/sydvastra_blekinge\/?p=213"},"modified":"2016-11-28T19:29:50","modified_gmt":"2016-11-28T18:29:50","slug":"viltvardskvall-pa-stensnas","status":"publish","type":"post","link":"https:\/\/krets.jagareforbundet.se\/sydvastra_blekinge\/2016\/07\/01\/viltvardskvall-pa-stensnas\/","title":{"rendered":"Viltv\u00e5rdskv\u00e4ll p\u00e5 Stensn\u00e4s"},"content":{"rendered":"<p>Aktiviteterna inom J\u00e4garef\u00f6rbundet Blekinge Sydv\u00e4st har under v\u00e5ren varit flera.<\/p>\n<div id=\"attachment_214\" style=\"width: 210px\" class=\"wp-caption alignleft\"><a href=\"https:\/\/krets.jagareforbundet.se\/sydvastra_blekinge\/files\/2016\/07\/stensnas-01.jpg\"><img loading=\"lazy\" decoding=\"async\" aria-describedby=\"caption-attachment-214\" class=\"size-medium wp-image-214\" src=\"https:\/\/krets.jagareforbundet.se\/sydvastra_blekinge\/files\/2016\/07\/stensnas-01-200x300.jpg\" alt=\"Viltv\u00e5rd p\u00e5 Stensn\u00e4s\" width=\"200\" height=\"300\" srcset=\"https:\/\/krets.jagareforbundet.se\/sydvastra_blekinge\/files\/2016\/07\/stensnas-01-200x300.jpg 200w, https:\/\/krets.jagareforbundet.se\/sydvastra_blekinge\/files\/2016\/07\/stensnas-01.jpg 400w\" sizes=\"auto, (max-width: 200px) 100vw, 200px\" \/><\/a><p id=\"caption-attachment-214\" class=\"wp-caption-text\">Viltv\u00e5rd p\u00e5 Stensn\u00e4s<\/p><\/div>\n<p>Denna kv\u00e4ll var det viltv\u00e5rd f\u00f6r f\u00e4ltvilt som stod p\u00e5 programmet. Att komma till Stensn\u00e4s och f\u00e5 en guidad tur av viltm\u00e4stare Ove Johansson \u00e4r b\u00e5de trevligt och mycket l\u00e4rorikt.<\/p>\n<p>Allt g\u00f6rs inte p\u00e5 ett \u00e5r, Ove startade sitt viltv\u00e5rdsarbete f\u00f6r ca 15 \u00e5r sedan och k\u00e4nner att nu s\u00e5 har han n\u00e5tt ganska l\u00e5ngt. Han testar hela tiden nya v\u00e4xter och buskar, man blir aldrig riktig klar s\u00e4ger han.<\/p>\n<div id=\"attachment_215\" style=\"width: 310px\" class=\"wp-caption alignright\"><a href=\"https:\/\/krets.jagareforbundet.se\/sydvastra_blekinge\/files\/2016\/07\/stensnas-02.jpg\"><img loading=\"lazy\" decoding=\"async\" aria-describedby=\"caption-attachment-215\" class=\"size-medium wp-image-215\" src=\"https:\/\/krets.jagareforbundet.se\/sydvastra_blekinge\/files\/2016\/07\/stensnas-02-300x200.jpg\" alt=\"Viltv\u00e5rd p\u00e5 Stensn\u00e4s\" width=\"300\" height=\"200\" srcset=\"https:\/\/krets.jagareforbundet.se\/sydvastra_blekinge\/files\/2016\/07\/stensnas-02-300x200.jpg 300w, https:\/\/krets.jagareforbundet.se\/sydvastra_blekinge\/files\/2016\/07\/stensnas-02.jpg 600w\" sizes=\"auto, (max-width: 300px) 100vw, 300px\" \/><\/a><p id=\"caption-attachment-215\" class=\"wp-caption-text\">Viltv\u00e5rd p\u00e5 Stensn\u00e4s<\/p><\/div>\n<p>Efter att varje \u00e5r har planterat och s\u00e5tt \u00e4r det nu mest underh\u00e5ll av biotopen. Buskar och v\u00e4xter m\u00e5ste underh\u00e5llas och tuktas f\u00f6r att ge maximalt skydd och foder. Deltagarna blev guidade runt p\u00e5 b\u00e5de f\u00e4lt och skog f\u00f6r att se hur Ove har l\u00f6st viltv\u00e5rden p\u00e5 Stensn\u00e4s, vilka v\u00e4xter och \u00f6rter som passar f\u00f6r fasan och \u00f6vrigt f\u00e4ltvilt.<\/p>\n<div id=\"attachment_216\" style=\"width: 310px\" class=\"wp-caption alignnone\"><a href=\"https:\/\/krets.jagareforbundet.se\/sydvastra_blekinge\/files\/2016\/07\/stensnas-03.jpg\"><img loading=\"lazy\" decoding=\"async\" aria-describedby=\"caption-attachment-216\" class=\"size-medium wp-image-216\" src=\"https:\/\/krets.jagareforbundet.se\/sydvastra_blekinge\/files\/2016\/07\/stensnas-03-300x200.jpg\" alt=\"Viltv\u00e5rd p\u00e5 Stensn\u00e4s\" width=\"300\" height=\"200\" srcset=\"https:\/\/krets.jagareforbundet.se\/sydvastra_blekinge\/files\/2016\/07\/stensnas-03-300x200.jpg 300w, https:\/\/krets.jagareforbundet.se\/sydvastra_blekinge\/files\/2016\/07\/stensnas-03.jpg 600w\" sizes=\"auto, (max-width: 300px) 100vw, 300px\" \/><\/a><p id=\"caption-attachment-216\" class=\"wp-caption-text\">Viltv\u00e5rd p\u00e5 Stensn\u00e4s<\/p><\/div>\n<div id=\"attachment_217\" style=\"width: 310px\" class=\"wp-caption alignleft\"><a href=\"https:\/\/krets.jagareforbundet.se\/sydvastra_blekinge\/files\/2016\/07\/stensnas-04.jpg\"><img loading=\"lazy\" decoding=\"async\" aria-describedby=\"caption-attachment-217\" class=\"size-medium wp-image-217\" src=\"https:\/\/krets.jagareforbundet.se\/sydvastra_blekinge\/files\/2016\/07\/stensnas-04-300x200.jpg\" alt=\"Viltv\u00e5rd p\u00e5 Stensn\u00e4s\" width=\"300\" height=\"200\" srcset=\"https:\/\/krets.jagareforbundet.se\/sydvastra_blekinge\/files\/2016\/07\/stensnas-04-300x200.jpg 300w, https:\/\/krets.jagareforbundet.se\/sydvastra_blekinge\/files\/2016\/07\/stensnas-04.jpg 600w\" sizes=\"auto, (max-width: 300px) 100vw, 300px\" \/><\/a><p id=\"caption-attachment-217\" class=\"wp-caption-text\">Viltv\u00e5rd p\u00e5 Stensn\u00e4s<\/p><\/div>\n<p>Efter att gjort tv\u00e5 rundvandringar och f\u00e5tt se hur det ser ut i praktiken avslutades kv\u00e4llen vid ett ny\u00f6ppnat kv\u00e4ve\/viltvatten.<\/p>\n<div id=\"attachment_218\" style=\"width: 310px\" class=\"wp-caption alignright\"><a href=\"https:\/\/krets.jagareforbundet.se\/sydvastra_blekinge\/files\/2016\/07\/stensnas-05.jpg\"><img loading=\"lazy\" decoding=\"async\" aria-describedby=\"caption-attachment-218\" class=\"size-medium wp-image-218\" src=\"https:\/\/krets.jagareforbundet.se\/sydvastra_blekinge\/files\/2016\/07\/stensnas-05-300x200.jpg\" alt=\"Viltv\u00e5rd p\u00e5 Stensn\u00e4s\" width=\"300\" height=\"200\" srcset=\"https:\/\/krets.jagareforbundet.se\/sydvastra_blekinge\/files\/2016\/07\/stensnas-05-300x200.jpg 300w, https:\/\/krets.jagareforbundet.se\/sydvastra_blekinge\/files\/2016\/07\/stensnas-05.jpg 600w\" sizes=\"auto, (max-width: 300px) 100vw, 300px\" \/><\/a><p id=\"caption-attachment-218\" class=\"wp-caption-text\">Viltv\u00e5rd p\u00e5 Stensn\u00e4s<\/p><\/div>\n<p>&nbsp;<\/p>\n<p>&nbsp;<\/p>\n<p>&nbsp;<\/p>\n<p>&nbsp;<\/p>\n<p>&nbsp;<\/p>\n<p>M\u00e5nga har s\u00e4kert f\u00e5tt goda\u00a0id\u00e9er fr\u00e5n denna \u00a0guidning \u00a0p\u00e5 hur man kan skapa fina f\u00f6ruts\u00e4ttningar f\u00f6r viltet\u00a0p\u00e5 sin jaktmark.<\/p>\n<p>Nu \u00e4r det bara att s\u00e4tta ig\u00e5ng, id\u00e9er kan inte saknas nu.<\/p>\n<p>&nbsp;<\/p>\n<p>Ett stort Tack till Ove f\u00f6r en mycket trevlig kv\u00e4ll.<\/p>\n<div id=\"attachment_219\" style=\"width: 310px\" class=\"wp-caption alignnone\"><a href=\"https:\/\/krets.jagareforbundet.se\/sydvastra_blekinge\/files\/2016\/07\/stensnas-06.jpg\"><img loading=\"lazy\" decoding=\"async\" aria-describedby=\"caption-attachment-219\" class=\"size-medium wp-image-219\" src=\"https:\/\/krets.jagareforbundet.se\/sydvastra_blekinge\/files\/2016\/07\/stensnas-06-300x200.jpg\" alt=\"Viltv\u00e5rd p\u00e5 Stensn\u00e4s\" width=\"300\" height=\"200\" srcset=\"https:\/\/krets.jagareforbundet.se\/sydvastra_blekinge\/files\/2016\/07\/stensnas-06-300x200.jpg 300w, https:\/\/krets.jagareforbundet.se\/sydvastra_blekinge\/files\/2016\/07\/stensnas-06.jpg 600w\" sizes=\"auto, (max-width: 300px) 100vw, 300px\" \/><\/a><p id=\"caption-attachment-219\" class=\"wp-caption-text\">Viltv\u00e5rd p\u00e5 Stensn\u00e4s<\/p><\/div>\n<p>J\u00e4garef\u00f6rbundet Blekinge Sydv\u00e4st<\/p>\n<p>gm\/ S-E Harrysson<\/p>\n","protected":false},"excerpt":{"rendered":"<p>Aktiviteterna inom J\u00e4garef\u00f6rbundet Blekinge Sydv\u00e4st har under v\u00e5ren varit flera. Denna kv\u00e4ll var det viltv\u00e5rd f\u00f6r f\u00e4ltvilt som stod p\u00e5 programmet. Att komma till Stensn\u00e4s och f\u00e5 en guidad tur av viltm\u00e4stare Ove Johansson \u00e4r b\u00e5de trevligt och mycket l\u00e4rorikt. Allt g\u00f6rs inte p\u00e5 ett \u00e5r, Ove startade sitt viltv\u00e5rdsarbete f\u00f6r ca 15 \u00e5r sedan [&hellip;]<\/p>\n","protected":false},"author":206,"featured_media":0,"comment_status":"open","ping_status":"open","sticky":false,"template":"","format":"standard","meta":{"jetpack_post_was_ever_published":false,"footnotes":""},"categories":[10],"tags":[],"class_list":["post-213","post","type-post","status-publish","format-standard","hentry","category-utbildningar"],"jetpack_featured_media_url":"","_links":{"self":[{"href":"https:\/\/krets.jagareforbundet.se\/sydvastra_blekinge\/wp-json\/wp\/v2\/posts\/213","targetHints":{"allow":["GET"]}}],"collection":[{"href":"https:\/\/krets.jagareforbundet.se\/sydvastra_blekinge\/wp-json\/wp\/v2\/posts"}],"about":[{"href":"https:\/\/krets.jagareforbundet.se\/sydvastra_blekinge\/wp-json\/wp\/v2\/types\/post"}],"author":[{"embeddable":true,"href":"https:\/\/krets.jagareforbundet.se\/sydvastra_blekinge\/wp-json\/wp\/v2\/users\/206"}],"replies":[{"embeddable":true,"href":"https:\/\/krets.jagareforbundet.se\/sydvastra_blekinge\/wp-json\/wp\/v2\/comments?post=213"}],"version-history":[{"count":0,"href":"https:\/\/krets.jagareforbundet.se\/sydvastra_blekinge\/wp-json\/wp\/v2\/posts\/213\/revisions"}],"wp:attachment":[{"href":"https:\/\/krets.jagareforbundet.se\/sydvastra_blekinge\/wp-json\/wp\/v2\/media?parent=213"}],"wp:term":[{"taxonomy":"category","embeddable":true,"href":"https:\/\/krets.jagareforbundet.se\/sydvastra_blekinge\/wp-json\/wp\/v2\/categories?post=213"},{"taxonomy":"post_tag","embeddable":true,"href":"https:\/\/krets.jagareforbundet.se\/sydvastra_blekinge\/wp-json\/wp\/v2\/tags?post=213"}],"curies":[{"name":"wp","href":"https:\/\/api.w.org\/{rel}","templated":true}]}}