{"id":223,"date":"2016-07-02T16:11:37","date_gmt":"2016-07-02T14:11:37","guid":{"rendered":"https:\/\/krets.jagareforbundet.se\/sydvastra_blekinge\/?p=223"},"modified":"2016-08-21T23:54:42","modified_gmt":"2016-08-21T21:54:42","slug":"vildsvinsskytte","status":"publish","type":"post","link":"https:\/\/krets.jagareforbundet.se\/sydvastra_blekinge\/2016\/07\/02\/vildsvinsskytte\/","title":{"rendered":"Vildsvinsskytte"},"content":{"rendered":"<div id=\"attachment_225\" style=\"width: 210px\" class=\"wp-caption alignleft\"><a href=\"https:\/\/krets.jagareforbundet.se\/sydvastra_blekinge\/files\/2016\/07\/vildsvinsskytte-01.jpg\"><img loading=\"lazy\" decoding=\"async\" aria-describedby=\"caption-attachment-225\" class=\"wp-image-225\" src=\"https:\/\/krets.jagareforbundet.se\/sydvastra_blekinge\/files\/2016\/07\/vildsvinsskytte-01-300x200.jpg\" alt=\"Vildsvinsskytte 2016\" width=\"200\" height=\"133\" srcset=\"https:\/\/krets.jagareforbundet.se\/sydvastra_blekinge\/files\/2016\/07\/vildsvinsskytte-01-300x200.jpg 300w, https:\/\/krets.jagareforbundet.se\/sydvastra_blekinge\/files\/2016\/07\/vildsvinsskytte-01.jpg 600w\" sizes=\"auto, (max-width: 200px) 100vw, 200px\" \/><\/a><p id=\"caption-attachment-225\" class=\"wp-caption-text\">Vildsvinsskytte 2016<\/p><\/div>\n<div id=\"attachment_224\" style=\"width: 210px\" class=\"wp-caption alignright\"><a href=\"https:\/\/krets.jagareforbundet.se\/sydvastra_blekinge\/files\/2016\/07\/vildsvinsskytte-04.jpg\"><img loading=\"lazy\" decoding=\"async\" aria-describedby=\"caption-attachment-224\" class=\"wp-image-224\" src=\"https:\/\/krets.jagareforbundet.se\/sydvastra_blekinge\/files\/2016\/07\/vildsvinsskytte-04-300x200.jpg\" alt=\"Vildsvinsskytte 2016\" width=\"200\" height=\"133\" srcset=\"https:\/\/krets.jagareforbundet.se\/sydvastra_blekinge\/files\/2016\/07\/vildsvinsskytte-04-300x200.jpg 300w, https:\/\/krets.jagareforbundet.se\/sydvastra_blekinge\/files\/2016\/07\/vildsvinsskytte-04.jpg 600w\" sizes=\"auto, (max-width: 200px) 100vw, 200px\" \/><\/a><p id=\"caption-attachment-224\" class=\"wp-caption-text\">Vildsvinsskytte 2016<\/p><\/div>\n<p>&nbsp;<\/p>\n<p>&nbsp;<\/p>\n<p>&nbsp;<\/p>\n<p>&nbsp;<\/p>\n<p>&nbsp;<\/p>\n<p>Under v\u00e5ren\/sommaren har det genomf\u00f6rts ett antal skyttetillf\u00e4llen med inriktning p\u00e5 vildsvin p\u00e5 M\u00f6rrums Jaktskyttebana. Alla kv\u00e4llar har varit v\u00e4lbes\u00f6kta och det \u00e4r ett bra betyg till de j\u00e4gare som tar tillf\u00e4llet i akt och tr\u00e4nar p\u00e5 sitt skytte.<\/p>\n<p>Man skjuter p\u00e5 ett l\u00f6pande vildsvin och det \u00e4r enkelt f\u00f6r skjutledare och skytt att l\u00e4sa av tr\u00e4ffarna d\u00e5 man ser dem p\u00e5 en datorsk\u00e4rm i skjutboden.<\/p>\n<div id=\"attachment_226\" style=\"width: 143px\" class=\"wp-caption alignleft\"><a href=\"https:\/\/krets.jagareforbundet.se\/sydvastra_blekinge\/files\/2016\/07\/vildsvinsskytte-02.jpg\"><img loading=\"lazy\" decoding=\"async\" aria-describedby=\"caption-attachment-226\" class=\"wp-image-226\" src=\"https:\/\/krets.jagareforbundet.se\/sydvastra_blekinge\/files\/2016\/07\/vildsvinsskytte-02-200x300.jpg\" alt=\"Vildsvinsskytte 2016\" width=\"133\" height=\"200\" srcset=\"https:\/\/krets.jagareforbundet.se\/sydvastra_blekinge\/files\/2016\/07\/vildsvinsskytte-02-200x300.jpg 200w, https:\/\/krets.jagareforbundet.se\/sydvastra_blekinge\/files\/2016\/07\/vildsvinsskytte-02.jpg 400w\" sizes=\"auto, (max-width: 133px) 100vw, 133px\" \/><\/a><p id=\"caption-attachment-226\" class=\"wp-caption-text\">Vildsvinsskytte 2016<\/p><\/div>\n<p>Vid sista skyttet inf\u00f6r sommaren ordnade kretsen med grillad korv till alla skyttar och gillm\u00e4star Lars hade fullt upp med att servera korv till hungriga skyttar.<\/p>\n<p>&nbsp;<\/p>\n<p>&nbsp;<\/p>\n<p>&nbsp;<\/p>\n<div id=\"attachment_227\" style=\"width: 210px\" class=\"wp-caption alignright\"><a href=\"https:\/\/krets.jagareforbundet.se\/sydvastra_blekinge\/files\/2016\/07\/vildsvinsskytte-03.jpg\"><img loading=\"lazy\" decoding=\"async\" aria-describedby=\"caption-attachment-227\" class=\"wp-image-227\" src=\"https:\/\/krets.jagareforbundet.se\/sydvastra_blekinge\/files\/2016\/07\/vildsvinsskytte-03-300x200.jpg\" alt=\"Vildsvinsskytte 2016\" width=\"200\" height=\"133\" srcset=\"https:\/\/krets.jagareforbundet.se\/sydvastra_blekinge\/files\/2016\/07\/vildsvinsskytte-03-300x200.jpg 300w, https:\/\/krets.jagareforbundet.se\/sydvastra_blekinge\/files\/2016\/07\/vildsvinsskytte-03.jpg 600w\" sizes=\"auto, (max-width: 200px) 100vw, 200px\" \/><\/a><p id=\"caption-attachment-227\" class=\"wp-caption-text\">Vildsvinsskytte 2016<\/p><\/div>\n<p>&nbsp;<\/p>\n<p>&nbsp;<\/p>\n<p>Flera skyttar passade \u00e4ven p\u00e5 att torrtr\u00e4na n\u00e4r vildsvinet var ig\u00e5ng.<\/p>\n<p>&nbsp;<\/p>\n<p>&nbsp;<\/p>\n<p>Eva Lilja<\/p>\n","protected":false},"excerpt":{"rendered":"<p>&nbsp; &nbsp; &nbsp; &nbsp; &nbsp; Under v\u00e5ren\/sommaren har det genomf\u00f6rts ett antal skyttetillf\u00e4llen med inriktning p\u00e5 vildsvin p\u00e5 M\u00f6rrums Jaktskyttebana. Alla kv\u00e4llar har varit v\u00e4lbes\u00f6kta och det \u00e4r ett bra betyg till de j\u00e4gare som tar tillf\u00e4llet i akt och tr\u00e4nar p\u00e5 sitt skytte. Man skjuter p\u00e5 ett l\u00f6pande vildsvin och det \u00e4r enkelt f\u00f6r [&hellip;]<\/p>\n","protected":false},"author":206,"featured_media":0,"comment_status":"open","ping_status":"open","sticky":false,"template":"","format":"standard","meta":{"jetpack_post_was_ever_published":false,"footnotes":""},"categories":[7,10],"tags":[],"class_list":["post-223","post","type-post","status-publish","format-standard","hentry","category-skytte","category-utbildningar"],"jetpack_featured_media_url":"","_links":{"self":[{"href":"https:\/\/krets.jagareforbundet.se\/sydvastra_blekinge\/wp-json\/wp\/v2\/posts\/223","targetHints":{"allow":["GET"]}}],"collection":[{"href":"https:\/\/krets.jagareforbundet.se\/sydvastra_blekinge\/wp-json\/wp\/v2\/posts"}],"about":[{"href":"https:\/\/krets.jagareforbundet.se\/sydvastra_blekinge\/wp-json\/wp\/v2\/types\/post"}],"author":[{"embeddable":true,"href":"https:\/\/krets.jagareforbundet.se\/sydvastra_blekinge\/wp-json\/wp\/v2\/users\/206"}],"replies":[{"embeddable":true,"href":"https:\/\/krets.jagareforbundet.se\/sydvastra_blekinge\/wp-json\/wp\/v2\/comments?post=223"}],"version-history":[{"count":0,"href":"https:\/\/krets.jagareforbundet.se\/sydvastra_blekinge\/wp-json\/wp\/v2\/posts\/223\/revisions"}],"wp:attachment":[{"href":"https:\/\/krets.jagareforbundet.se\/sydvastra_blekinge\/wp-json\/wp\/v2\/media?parent=223"}],"wp:term":[{"taxonomy":"category","embeddable":true,"href":"https:\/\/krets.jagareforbundet.se\/sydvastra_blekinge\/wp-json\/wp\/v2\/categories?post=223"},{"taxonomy":"post_tag","embeddable":true,"href":"https:\/\/krets.jagareforbundet.se\/sydvastra_blekinge\/wp-json\/wp\/v2\/tags?post=223"}],"curies":[{"name":"wp","href":"https:\/\/api.w.org\/{rel}","templated":true}]}}