{"id":251,"date":"2016-12-07T01:59:46","date_gmt":"2016-12-07T00:59:46","guid":{"rendered":"https:\/\/krets.jagareforbundet.se\/sydvastra_blekinge\/?p=251"},"modified":"2016-12-07T01:59:46","modified_gmt":"2016-12-07T00:59:46","slug":"rovdjursbesok-i-morrum","status":"publish","type":"post","link":"https:\/\/krets.jagareforbundet.se\/sydvastra_blekinge\/2016\/12\/07\/rovdjursbesok-i-morrum\/","title":{"rendered":"Rovdjursbes\u00f6k i M\u00f6rrum"},"content":{"rendered":"<p><strong>Tema V\u00e5r natur<\/strong><\/p>\n<p><strong>Rovdjursbes\u00f6k i M\u00f6rrum<\/strong><\/p>\n<p>Undertecknad har bes\u00f6kt H\u00e4staryds f\u00f6rskolan och fritids som haft som tema V\u00e5r natur.<\/p>\n<p>De hade innan bes\u00f6ket s\u00e4rskilt studerat r\u00e4v och \u00e4lg, s\u00e5 om de djuren visst de det mesta.<\/p>\n<p>\u00c4ven v\u00e5ra \u00f6vriga hjortdjurs horn visades men det som intresserade mest var burkar med de olika hjortdjurens bajs. \u00c4ven de sm\u00e5 rovdjuren visades s\u00e5 som gr\u00e4vling, m\u00e5rd, mink, iller och v\u00e5rt minsta m\u00e5rddjur n\u00e4mligen sm\u00e5vessla. Intresset fr\u00e5n elevernas sida var mycket stort.<\/p>\n<p>Veckan efter blev det \u00e5ter ett bes\u00f6k p\u00e5 H\u00e4starydsskolan d\u00e5 M\u00f6rrums alla fyra 1:e klassare blev f\u00f6revisade de fem stora rovdjuren i v\u00e5rt land. Bj\u00f6rn, varg, lodjur dj\u00e4rv och kungs\u00f6rn var temat denna g\u00e5ng. Efter en genomg\u00e5ng av de fem djuren var det dags f\u00f6r eleverna att f\u00e5 k\u00e4nna p\u00e5 b\u00e5de p\u00e4ls och klor. Alla tyckte nog att lodjuret var mjukaste och sk\u00f6nast, men alla skinnen var v\u00e4ldigt intressanta att f\u00e5 k\u00e4nna p\u00e5. B\u00e5de elever och l\u00e4rare tyckte det varit en kul och trevlig dag med v\u00e5ra stora rovdjur, \u00e4ven undertecknad tyckte att de b\u00e5da bes\u00f6ken varit trevliga och framf\u00f6r allt alla fantastiska fr\u00e5gor som elever och l\u00e4rare st\u00e4llde.<\/p>\n<p>&nbsp;<\/p>\n<p>J\u00e4garef\u00f6rbundet Blekinge<\/p>\n<p>Rovdjursgruppen<\/p>\n<p>S-E Harrysson<\/p>\n","protected":false},"excerpt":{"rendered":"<p>Tema V\u00e5r natur Rovdjursbes\u00f6k i M\u00f6rrum Undertecknad har bes\u00f6kt H\u00e4staryds f\u00f6rskolan och fritids som haft som tema V\u00e5r natur. De hade innan bes\u00f6ket s\u00e4rskilt studerat r\u00e4v och \u00e4lg, s\u00e5 om de djuren visst de det mesta. \u00c4ven v\u00e5ra \u00f6vriga hjortdjurs horn visades men det som intresserade mest var burkar med de olika hjortdjurens bajs. \u00c4ven [&hellip;]<\/p>\n","protected":false},"author":206,"featured_media":252,"comment_status":"open","ping_status":"open","sticky":false,"template":"","format":"standard","meta":{"jetpack_post_was_ever_published":false,"footnotes":""},"categories":[1],"tags":[],"class_list":["post-251","post","type-post","status-publish","format-standard","has-post-thumbnail","hentry","category-okategoriserade"],"jetpack_featured_media_url":"https:\/\/krets.jagareforbundet.se\/sydvastra_blekinge\/files\/2016\/12\/006.jpg","_links":{"self":[{"href":"https:\/\/krets.jagareforbundet.se\/sydvastra_blekinge\/wp-json\/wp\/v2\/posts\/251","targetHints":{"allow":["GET"]}}],"collection":[{"href":"https:\/\/krets.jagareforbundet.se\/sydvastra_blekinge\/wp-json\/wp\/v2\/posts"}],"about":[{"href":"https:\/\/krets.jagareforbundet.se\/sydvastra_blekinge\/wp-json\/wp\/v2\/types\/post"}],"author":[{"embeddable":true,"href":"https:\/\/krets.jagareforbundet.se\/sydvastra_blekinge\/wp-json\/wp\/v2\/users\/206"}],"replies":[{"embeddable":true,"href":"https:\/\/krets.jagareforbundet.se\/sydvastra_blekinge\/wp-json\/wp\/v2\/comments?post=251"}],"version-history":[{"count":0,"href":"https:\/\/krets.jagareforbundet.se\/sydvastra_blekinge\/wp-json\/wp\/v2\/posts\/251\/revisions"}],"wp:featuredmedia":[{"embeddable":true,"href":"https:\/\/krets.jagareforbundet.se\/sydvastra_blekinge\/wp-json\/wp\/v2\/media\/252"}],"wp:attachment":[{"href":"https:\/\/krets.jagareforbundet.se\/sydvastra_blekinge\/wp-json\/wp\/v2\/media?parent=251"}],"wp:term":[{"taxonomy":"category","embeddable":true,"href":"https:\/\/krets.jagareforbundet.se\/sydvastra_blekinge\/wp-json\/wp\/v2\/categories?post=251"},{"taxonomy":"post_tag","embeddable":true,"href":"https:\/\/krets.jagareforbundet.se\/sydvastra_blekinge\/wp-json\/wp\/v2\/tags?post=251"}],"curies":[{"name":"wp","href":"https:\/\/api.w.org\/{rel}","templated":true}]}}