{"id":264,"date":"2017-06-12T09:16:01","date_gmt":"2017-06-12T07:16:01","guid":{"rendered":"https:\/\/krets.jagareforbundet.se\/sydvastra_blekinge\/?p=264"},"modified":"2017-06-12T09:19:49","modified_gmt":"2017-06-12T07:19:49","slug":"forelasning-om-jaktresor-pa-stensnas-herrgard","status":"publish","type":"post","link":"https:\/\/krets.jagareforbundet.se\/sydvastra_blekinge\/2017\/06\/12\/forelasning-om-jaktresor-pa-stensnas-herrgard\/","title":{"rendered":"F\u00f6rel\u00e4sning om jaktresor p\u00e5 Stensn\u00e4s Herrg\u00e5rd"},"content":{"rendered":"<p>Blekinge Sydv\u00e4stra Jaktv\u00e5rdskrets bjuder in till en kv\u00e4ll p\u00e5 Stensn\u00e4s d\u00e4r Erik Hahn Pedersen ber\u00e4ttar om sina jaktresor \u00f6ver v\u00e4rlden och det kommer \u00e4ven att visas olika trof\u00e9er fr\u00e5n n\u00e4r och fj\u00e4rran.<\/p>\n<p>&nbsp;<\/p>\n<p><strong>Tid och plats:<\/strong><\/p>\n<p>M\u00e5ndagen den 12 juni, kl 18,30 p\u00e5 Stensn\u00e4s Herrg\u00e5rd. Ni bjuds p\u00e5 enklare fika under kv\u00e4llen.<\/p>\n<p><a href=\"https:\/\/krets.jagareforbundet.se\/sydvastra_blekinge\/files\/2017\/06\/2017-06-12-stensnas.pdf\">L\u00e4s hela annonsen h\u00e4r!<\/a><\/p>\n","protected":false},"excerpt":{"rendered":"<p>Blekinge Sydv\u00e4stra Jaktv\u00e5rdskrets bjuder in till en kv\u00e4ll p\u00e5 Stensn\u00e4s d\u00e4r Erik Hahn Pedersen ber\u00e4ttar om sina jaktresor \u00f6ver v\u00e4rlden och det kommer \u00e4ven att visas olika trof\u00e9er fr\u00e5n n\u00e4r och fj\u00e4rran. &nbsp; Tid och plats: M\u00e5ndagen den 12 juni, kl 18,30 p\u00e5 Stensn\u00e4s Herrg\u00e5rd. Ni bjuds p\u00e5 enklare fika under kv\u00e4llen. L\u00e4s hela annonsen [&hellip;]<\/p>\n","protected":false},"author":206,"featured_media":0,"comment_status":"open","ping_status":"open","sticky":false,"template":"","format":"standard","meta":{"jetpack_post_was_ever_published":false,"footnotes":""},"categories":[1],"tags":[],"class_list":["post-264","post","type-post","status-publish","format-standard","hentry","category-okategoriserade"],"jetpack_featured_media_url":"","_links":{"self":[{"href":"https:\/\/krets.jagareforbundet.se\/sydvastra_blekinge\/wp-json\/wp\/v2\/posts\/264","targetHints":{"allow":["GET"]}}],"collection":[{"href":"https:\/\/krets.jagareforbundet.se\/sydvastra_blekinge\/wp-json\/wp\/v2\/posts"}],"about":[{"href":"https:\/\/krets.jagareforbundet.se\/sydvastra_blekinge\/wp-json\/wp\/v2\/types\/post"}],"author":[{"embeddable":true,"href":"https:\/\/krets.jagareforbundet.se\/sydvastra_blekinge\/wp-json\/wp\/v2\/users\/206"}],"replies":[{"embeddable":true,"href":"https:\/\/krets.jagareforbundet.se\/sydvastra_blekinge\/wp-json\/wp\/v2\/comments?post=264"}],"version-history":[{"count":0,"href":"https:\/\/krets.jagareforbundet.se\/sydvastra_blekinge\/wp-json\/wp\/v2\/posts\/264\/revisions"}],"wp:attachment":[{"href":"https:\/\/krets.jagareforbundet.se\/sydvastra_blekinge\/wp-json\/wp\/v2\/media?parent=264"}],"wp:term":[{"taxonomy":"category","embeddable":true,"href":"https:\/\/krets.jagareforbundet.se\/sydvastra_blekinge\/wp-json\/wp\/v2\/categories?post=264"},{"taxonomy":"post_tag","embeddable":true,"href":"https:\/\/krets.jagareforbundet.se\/sydvastra_blekinge\/wp-json\/wp\/v2\/tags?post=264"}],"curies":[{"name":"wp","href":"https:\/\/api.w.org\/{rel}","templated":true}]}}