{"id":275,"date":"2021-08-23T10:19:03","date_gmt":"2021-08-23T08:19:03","guid":{"rendered":"https:\/\/krets.jagareforbundet.se\/sydvastra_blekinge\/?p=275"},"modified":"2021-08-23T10:19:03","modified_gmt":"2021-08-23T08:19:03","slug":"studiebesok-i-agusa-vilthagn-2-sept-2021","status":"publish","type":"post","link":"https:\/\/krets.jagareforbundet.se\/sydvastra_blekinge\/2021\/08\/23\/studiebesok-i-agusa-vilthagn-2-sept-2021\/","title":{"rendered":"Studiebes\u00f6k i Agusa vilth\u00e4gn 2 sept 2021"},"content":{"rendered":"<p>Resa till Agusa vilth\u00e4gn den 2 september<\/p>\n<p>J\u00e4garef\u00f6rbundet Blekinge Sydv\u00e4st arrangerar den 2 september en utflykt till Agusa vilth\u00e4gn i Sk\u00e5ne. D\u00e4r blir det rundtur och f\u00f6rel\u00e4sning med fokus p\u00e5 vildsvin och vi avslutar med fralla och kaffe. Vi sam\u00e5ker i privata bilar. Samling p\u00e5 Parkeringsplatsen i Pukavik den 2\/9 kl 16.00. Anm\u00e4lan till Sven-Erik Harrysson per mail se.harrysson@gmail.com eller tel 0703 440964. Max antal 25 st.<\/p>\n<p>V\u00e4lkomna!<\/p>\n","protected":false},"excerpt":{"rendered":"<p>Resa till Agusa vilth\u00e4gn den 2 september J\u00e4garef\u00f6rbundet Blekinge Sydv\u00e4st arrangerar den 2 september en utflykt till Agusa vilth\u00e4gn i Sk\u00e5ne. D\u00e4r blir det rundtur och f\u00f6rel\u00e4sning med fokus p\u00e5 vildsvin och vi avslutar med fralla och kaffe. Vi sam\u00e5ker i privata bilar. Samling p\u00e5 Parkeringsplatsen i Pukavik den 2\/9 kl 16.00. Anm\u00e4lan till Sven-Erik [&hellip;]<\/p>\n","protected":false},"author":206,"featured_media":0,"comment_status":"open","ping_status":"open","sticky":false,"template":"","format":"standard","meta":{"jetpack_post_was_ever_published":false,"footnotes":""},"categories":[9],"tags":[],"class_list":["post-275","post","type-post","status-publish","format-standard","hentry","category-forelasningar"],"jetpack_featured_media_url":"","_links":{"self":[{"href":"https:\/\/krets.jagareforbundet.se\/sydvastra_blekinge\/wp-json\/wp\/v2\/posts\/275","targetHints":{"allow":["GET"]}}],"collection":[{"href":"https:\/\/krets.jagareforbundet.se\/sydvastra_blekinge\/wp-json\/wp\/v2\/posts"}],"about":[{"href":"https:\/\/krets.jagareforbundet.se\/sydvastra_blekinge\/wp-json\/wp\/v2\/types\/post"}],"author":[{"embeddable":true,"href":"https:\/\/krets.jagareforbundet.se\/sydvastra_blekinge\/wp-json\/wp\/v2\/users\/206"}],"replies":[{"embeddable":true,"href":"https:\/\/krets.jagareforbundet.se\/sydvastra_blekinge\/wp-json\/wp\/v2\/comments?post=275"}],"version-history":[{"count":1,"href":"https:\/\/krets.jagareforbundet.se\/sydvastra_blekinge\/wp-json\/wp\/v2\/posts\/275\/revisions"}],"predecessor-version":[{"id":276,"href":"https:\/\/krets.jagareforbundet.se\/sydvastra_blekinge\/wp-json\/wp\/v2\/posts\/275\/revisions\/276"}],"wp:attachment":[{"href":"https:\/\/krets.jagareforbundet.se\/sydvastra_blekinge\/wp-json\/wp\/v2\/media?parent=275"}],"wp:term":[{"taxonomy":"category","embeddable":true,"href":"https:\/\/krets.jagareforbundet.se\/sydvastra_blekinge\/wp-json\/wp\/v2\/categories?post=275"},{"taxonomy":"post_tag","embeddable":true,"href":"https:\/\/krets.jagareforbundet.se\/sydvastra_blekinge\/wp-json\/wp\/v2\/tags?post=275"}],"curies":[{"name":"wp","href":"https:\/\/api.w.org\/{rel}","templated":true}]}}