{"id":283,"date":"2021-10-14T09:24:44","date_gmt":"2021-10-14T07:24:44","guid":{"rendered":"https:\/\/krets.jagareforbundet.se\/sydvastra_blekinge\/?p=283"},"modified":"2021-10-14T09:24:44","modified_gmt":"2021-10-14T07:24:44","slug":"smaviltsjakt-i-svangsta-14-nov","status":"publish","type":"post","link":"https:\/\/krets.jagareforbundet.se\/sydvastra_blekinge\/2021\/10\/14\/smaviltsjakt-i-svangsta-14-nov\/","title":{"rendered":"Sm\u00e5viltsjakt i Sv\u00e4ngsta 14 nov"},"content":{"rendered":"<p>Sydv\u00e4stra kretsen bjuder in till sm\u00e5viltsjakt med drivande hund i Sv\u00e4ngsta. Unga j\u00e4gare och nya j\u00e4gare \u00e4r varmt v\u00e4lkomna att anm\u00e4la. Mer info kommer n\u00e4rmare.<\/p>\n<p>Datum 14 november och 27 december.<\/p>\n<p>Anm\u00e4lan och fr\u00e5gor till Jessica Svensson p\u00e5 0708-828996 eller mail svenssonjessica@hotmail.com.<\/p>\n","protected":false},"excerpt":{"rendered":"<p>Sydv\u00e4stra kretsen bjuder in till sm\u00e5viltsjakt med drivande hund i Sv\u00e4ngsta. Unga j\u00e4gare och nya j\u00e4gare \u00e4r varmt v\u00e4lkomna att anm\u00e4la. Mer info kommer n\u00e4rmare. Datum 14 november och 27 december. Anm\u00e4lan och fr\u00e5gor till Jessica Svensson p\u00e5 0708-828996 eller mail svenssonjessica@hotmail.com.<\/p>\n","protected":false},"author":206,"featured_media":0,"comment_status":"open","ping_status":"open","sticky":false,"template":"","format":"standard","meta":{"jetpack_post_was_ever_published":false,"footnotes":""},"categories":[8,1,11,10],"tags":[],"class_list":["post-283","post","type-post","status-publish","format-standard","hentry","category-hund","category-okategoriserade","category-ungdom","category-utbildningar"],"jetpack_featured_media_url":"","_links":{"self":[{"href":"https:\/\/krets.jagareforbundet.se\/sydvastra_blekinge\/wp-json\/wp\/v2\/posts\/283","targetHints":{"allow":["GET"]}}],"collection":[{"href":"https:\/\/krets.jagareforbundet.se\/sydvastra_blekinge\/wp-json\/wp\/v2\/posts"}],"about":[{"href":"https:\/\/krets.jagareforbundet.se\/sydvastra_blekinge\/wp-json\/wp\/v2\/types\/post"}],"author":[{"embeddable":true,"href":"https:\/\/krets.jagareforbundet.se\/sydvastra_blekinge\/wp-json\/wp\/v2\/users\/206"}],"replies":[{"embeddable":true,"href":"https:\/\/krets.jagareforbundet.se\/sydvastra_blekinge\/wp-json\/wp\/v2\/comments?post=283"}],"version-history":[{"count":1,"href":"https:\/\/krets.jagareforbundet.se\/sydvastra_blekinge\/wp-json\/wp\/v2\/posts\/283\/revisions"}],"predecessor-version":[{"id":284,"href":"https:\/\/krets.jagareforbundet.se\/sydvastra_blekinge\/wp-json\/wp\/v2\/posts\/283\/revisions\/284"}],"wp:attachment":[{"href":"https:\/\/krets.jagareforbundet.se\/sydvastra_blekinge\/wp-json\/wp\/v2\/media?parent=283"}],"wp:term":[{"taxonomy":"category","embeddable":true,"href":"https:\/\/krets.jagareforbundet.se\/sydvastra_blekinge\/wp-json\/wp\/v2\/categories?post=283"},{"taxonomy":"post_tag","embeddable":true,"href":"https:\/\/krets.jagareforbundet.se\/sydvastra_blekinge\/wp-json\/wp\/v2\/tags?post=283"}],"curies":[{"name":"wp","href":"https:\/\/api.w.org\/{rel}","templated":true}]}}