{"id":292,"date":"2021-12-26T17:52:59","date_gmt":"2021-12-26T16:52:59","guid":{"rendered":"https:\/\/krets.jagareforbundet.se\/sydvastra_blekinge\/?p=292"},"modified":"2021-12-26T17:55:52","modified_gmt":"2021-12-26T16:55:52","slug":"installd-smaviltsjakt-27-dec","status":"publish","type":"post","link":"https:\/\/krets.jagareforbundet.se\/sydvastra_blekinge\/2021\/12\/26\/installd-smaviltsjakt-27-dec\/","title":{"rendered":"Inst\u00e4lld Sm\u00e5viltsjakt 27 dec"},"content":{"rendered":"<p>Pga kylan f\u00e5r vi tyv\u00e4rr st\u00e4lla in Sm\u00e5viltsjakten i Sv\u00e4ngsta som skulle g\u00e5tt av stapeln den 27 dec.<\/p>\n<p>Vi g\u00f6r ett nytt f\u00f6rs\u00f6k den 23 januari. V\u00e4lkomna med anm\u00e4lan dit.<\/p>\n","protected":false},"excerpt":{"rendered":"<p>Pga kylan f\u00e5r vi tyv\u00e4rr st\u00e4lla in Sm\u00e5viltsjakten i Sv\u00e4ngsta som skulle g\u00e5tt av stapeln den 27 dec. Vi g\u00f6r ett nytt f\u00f6rs\u00f6k den 23 januari. V\u00e4lkomna med anm\u00e4lan dit.<\/p>\n","protected":false},"author":206,"featured_media":0,"comment_status":"open","ping_status":"open","sticky":false,"template":"","format":"standard","meta":{"jetpack_post_was_ever_published":false,"footnotes":""},"categories":[8,1,7,11,10],"tags":[],"class_list":["post-292","post","type-post","status-publish","format-standard","hentry","category-hund","category-okategoriserade","category-skytte","category-ungdom","category-utbildningar"],"jetpack_featured_media_url":"","_links":{"self":[{"href":"https:\/\/krets.jagareforbundet.se\/sydvastra_blekinge\/wp-json\/wp\/v2\/posts\/292","targetHints":{"allow":["GET"]}}],"collection":[{"href":"https:\/\/krets.jagareforbundet.se\/sydvastra_blekinge\/wp-json\/wp\/v2\/posts"}],"about":[{"href":"https:\/\/krets.jagareforbundet.se\/sydvastra_blekinge\/wp-json\/wp\/v2\/types\/post"}],"author":[{"embeddable":true,"href":"https:\/\/krets.jagareforbundet.se\/sydvastra_blekinge\/wp-json\/wp\/v2\/users\/206"}],"replies":[{"embeddable":true,"href":"https:\/\/krets.jagareforbundet.se\/sydvastra_blekinge\/wp-json\/wp\/v2\/comments?post=292"}],"version-history":[{"count":1,"href":"https:\/\/krets.jagareforbundet.se\/sydvastra_blekinge\/wp-json\/wp\/v2\/posts\/292\/revisions"}],"predecessor-version":[{"id":293,"href":"https:\/\/krets.jagareforbundet.se\/sydvastra_blekinge\/wp-json\/wp\/v2\/posts\/292\/revisions\/293"}],"wp:attachment":[{"href":"https:\/\/krets.jagareforbundet.se\/sydvastra_blekinge\/wp-json\/wp\/v2\/media?parent=292"}],"wp:term":[{"taxonomy":"category","embeddable":true,"href":"https:\/\/krets.jagareforbundet.se\/sydvastra_blekinge\/wp-json\/wp\/v2\/categories?post=292"},{"taxonomy":"post_tag","embeddable":true,"href":"https:\/\/krets.jagareforbundet.se\/sydvastra_blekinge\/wp-json\/wp\/v2\/tags?post=292"}],"curies":[{"name":"wp","href":"https:\/\/api.w.org\/{rel}","templated":true}]}}