{"id":297,"date":"2022-01-20T07:15:14","date_gmt":"2022-01-20T06:15:14","guid":{"rendered":"https:\/\/krets.jagareforbundet.se\/sydvastra_blekinge\/?p=297"},"modified":"2022-01-20T07:18:44","modified_gmt":"2022-01-20T06:18:44","slug":"eftersoksutbildning-i-var","status":"publish","type":"post","link":"https:\/\/krets.jagareforbundet.se\/sydvastra_blekinge\/2022\/01\/20\/eftersoksutbildning-i-var\/","title":{"rendered":"Efters\u00f6ksutbildning med PK-efters\u00f6k"},"content":{"rendered":"<p>I maj har vi bjudit in Per &#8221;Bula&#8221; Kristoffersson, PK-efters\u00f6k, till oss f\u00f6r att h\u00e5lla en efters\u00f6ksutbildning under tv\u00e5 dagar.<\/p>\n<p>Skriv in datumen 21-22 maj och h\u00e5ll utkik i v\u00e5ra sociala medier och p\u00e5 hemsidan, f\u00f6r inbjudan med instruktioner kring hur anm\u00e4lan g\u00e5r till.<\/p>\n<p>L\u00f6rdagkv\u00e4llen kommer inneh\u00e5lla en f\u00f6rel\u00e4sning b\u00e5de f\u00f6r de som g\u00e5r utbildningen men \u00e4ven f\u00f6r andra intresserade.<a href=\"https:\/\/krets.jagareforbundet.se\/sydvastra_blekinge\/files\/2022\/01\/52995470_2203029876628478_8401814470384418816_n.jpg\"><img loading=\"lazy\" decoding=\"async\" class=\"wp-image-298 size-medium aligncenter\" src=\"https:\/\/krets.jagareforbundet.se\/sydvastra_blekinge\/files\/2022\/01\/52995470_2203029876628478_8401814470384418816_n-200x300.jpg\" alt=\"\" width=\"200\" height=\"300\" srcset=\"https:\/\/krets.jagareforbundet.se\/sydvastra_blekinge\/files\/2022\/01\/52995470_2203029876628478_8401814470384418816_n-200x300.jpg 200w, https:\/\/krets.jagareforbundet.se\/sydvastra_blekinge\/files\/2022\/01\/52995470_2203029876628478_8401814470384418816_n-682x1024.jpg 682w, https:\/\/krets.jagareforbundet.se\/sydvastra_blekinge\/files\/2022\/01\/52995470_2203029876628478_8401814470384418816_n-768x1154.jpg 768w, https:\/\/krets.jagareforbundet.se\/sydvastra_blekinge\/files\/2022\/01\/52995470_2203029876628478_8401814470384418816_n-1022x1536.jpg 1022w, https:\/\/krets.jagareforbundet.se\/sydvastra_blekinge\/files\/2022\/01\/52995470_2203029876628478_8401814470384418816_n.jpg 1363w\" sizes=\"auto, (max-width: 200px) 100vw, 200px\" \/><\/a><\/p>\n","protected":false},"excerpt":{"rendered":"<p>I maj har vi bjudit in Per &#8221;Bula&#8221; Kristoffersson, PK-efters\u00f6k, till oss f\u00f6r att h\u00e5lla en efters\u00f6ksutbildning under tv\u00e5 dagar. Skriv in datumen 21-22 maj och h\u00e5ll utkik i v\u00e5ra sociala medier och p\u00e5 hemsidan, f\u00f6r inbjudan med instruktioner kring hur anm\u00e4lan g\u00e5r till. L\u00f6rdagkv\u00e4llen kommer inneh\u00e5lla en f\u00f6rel\u00e4sning b\u00e5de f\u00f6r de som g\u00e5r utbildningen [&hellip;]<\/p>\n","protected":false},"author":206,"featured_media":0,"comment_status":"open","ping_status":"open","sticky":false,"template":"","format":"standard","meta":{"jetpack_post_was_ever_published":false,"footnotes":""},"categories":[9,8,1,7,10],"tags":[],"class_list":["post-297","post","type-post","status-publish","format-standard","hentry","category-forelasningar","category-hund","category-okategoriserade","category-skytte","category-utbildningar"],"jetpack_featured_media_url":"","_links":{"self":[{"href":"https:\/\/krets.jagareforbundet.se\/sydvastra_blekinge\/wp-json\/wp\/v2\/posts\/297","targetHints":{"allow":["GET"]}}],"collection":[{"href":"https:\/\/krets.jagareforbundet.se\/sydvastra_blekinge\/wp-json\/wp\/v2\/posts"}],"about":[{"href":"https:\/\/krets.jagareforbundet.se\/sydvastra_blekinge\/wp-json\/wp\/v2\/types\/post"}],"author":[{"embeddable":true,"href":"https:\/\/krets.jagareforbundet.se\/sydvastra_blekinge\/wp-json\/wp\/v2\/users\/206"}],"replies":[{"embeddable":true,"href":"https:\/\/krets.jagareforbundet.se\/sydvastra_blekinge\/wp-json\/wp\/v2\/comments?post=297"}],"version-history":[{"count":3,"href":"https:\/\/krets.jagareforbundet.se\/sydvastra_blekinge\/wp-json\/wp\/v2\/posts\/297\/revisions"}],"predecessor-version":[{"id":303,"href":"https:\/\/krets.jagareforbundet.se\/sydvastra_blekinge\/wp-json\/wp\/v2\/posts\/297\/revisions\/303"}],"wp:attachment":[{"href":"https:\/\/krets.jagareforbundet.se\/sydvastra_blekinge\/wp-json\/wp\/v2\/media?parent=297"}],"wp:term":[{"taxonomy":"category","embeddable":true,"href":"https:\/\/krets.jagareforbundet.se\/sydvastra_blekinge\/wp-json\/wp\/v2\/categories?post=297"},{"taxonomy":"post_tag","embeddable":true,"href":"https:\/\/krets.jagareforbundet.se\/sydvastra_blekinge\/wp-json\/wp\/v2\/tags?post=297"}],"curies":[{"name":"wp","href":"https:\/\/api.w.org\/{rel}","templated":true}]}}