{"id":359,"date":"2022-05-09T11:47:54","date_gmt":"2022-05-09T09:47:54","guid":{"rendered":"https:\/\/krets.jagareforbundet.se\/varnamo\/?p=359"},"modified":"2022-08-15T10:27:45","modified_gmt":"2022-08-15T08:27:45","slug":"aktivitesdag-pa-aspo-skjutbana-i-varnamo","status":"publish","type":"post","link":"https:\/\/krets.jagareforbundet.se\/varnamo\/2022\/05\/09\/aktivitesdag-pa-aspo-skjutbana-i-varnamo\/","title":{"rendered":"Aktivitesdag p\u00e5 Asp\u00f6 skjutbana i V\u00e4rnamo"},"content":{"rendered":"<p>Ett lyckat<\/p>\n<p><a href=\"https:\/\/krets.jagareforbundet.se\/varnamo\/files\/2022\/05\/AW-Mekaniska.jpg\"><img loading=\"lazy\" decoding=\"async\" class=\"alignnone size-medium wp-image-365\" src=\"https:\/\/krets.jagareforbundet.se\/varnamo\/files\/2022\/05\/AW-Mekaniska-225x300.jpg\" alt=\"\" width=\"225\" height=\"300\" srcset=\"https:\/\/krets.jagareforbundet.se\/varnamo\/files\/2022\/05\/AW-Mekaniska-225x300.jpg 225w, https:\/\/krets.jagareforbundet.se\/varnamo\/files\/2022\/05\/AW-Mekaniska.jpg 480w\" sizes=\"auto, (max-width: 225px) 100vw, 225px\" \/><\/a><\/p>\n<p><a href=\"https:\/\/krets.jagareforbundet.se\/varnamo\/files\/2022\/05\/Aimsport.jpg\"><img loading=\"lazy\" decoding=\"async\" class=\"alignnone size-medium wp-image-364\" src=\"https:\/\/krets.jagareforbundet.se\/varnamo\/files\/2022\/05\/Aimsport-225x300.jpg\" alt=\"\" width=\"225\" height=\"300\" srcset=\"https:\/\/krets.jagareforbundet.se\/varnamo\/files\/2022\/05\/Aimsport-225x300.jpg 225w, https:\/\/krets.jagareforbundet.se\/varnamo\/files\/2022\/05\/Aimsport.jpg 480w\" sizes=\"auto, (max-width: 225px) 100vw, 225px\" \/><\/a><\/p>\n<p><a href=\"https:\/\/krets.jagareforbundet.se\/varnamo\/files\/2022\/05\/Sordin.jpg\"><img loading=\"lazy\" decoding=\"async\" class=\"alignnone size-medium wp-image-368\" src=\"https:\/\/krets.jagareforbundet.se\/varnamo\/files\/2022\/05\/Sordin-225x300.jpg\" alt=\"\" width=\"225\" height=\"300\" srcset=\"https:\/\/krets.jagareforbundet.se\/varnamo\/files\/2022\/05\/Sordin-225x300.jpg 225w, https:\/\/krets.jagareforbundet.se\/varnamo\/files\/2022\/05\/Sordin.jpg 480w\" sizes=\"auto, (max-width: 225px) 100vw, 225px\" \/><\/a><\/p>\n<p>H\u00e4r kommer vi ha hj\u00e4lp utifr\u00e5n f\u00f6r visning\/information av ljudd\u00e4mpare f\u00f6r vapen\u00a0 d\u00e5 detta kommer blir licensfritt from.1\/7-2022<\/p>\n<p>Ett flertal andra akt\u00f6rer p\u00e5 marknaden har ocks\u00e5 f\u00e5tt fr\u00e5gan om att komma och intresset fr\u00e5n er hoppas vi blir stort.<\/p>\n<p>Bland de som kommer kan namnas:<\/p>\n<p>Aimsport, Sordin, AW Mekaniska<\/p>\n","protected":false},"excerpt":{"rendered":"<p>Ett lyckat H\u00e4r kommer vi ha hj\u00e4lp utifr\u00e5n f\u00f6r visning\/information av ljudd\u00e4mpare f\u00f6r vapen\u00a0 d\u00e5 detta kommer blir licensfritt from.1\/7-2022 Ett flertal andra akt\u00f6rer p\u00e5 marknaden har ocks\u00e5 f\u00e5tt fr\u00e5gan om att komma och intresset fr\u00e5n er hoppas vi blir stort. Bland de som kommer kan namnas: Aimsport, Sordin, AW Mekaniska<\/p>\n","protected":false},"author":279,"featured_media":0,"comment_status":"open","ping_status":"open","sticky":true,"template":"","format":"standard","meta":{"footnotes":""},"categories":[1],"tags":[],"class_list":["post-359","post","type-post","status-publish","format-standard","hentry","category-okategoriserade"],"jetpack_featured_media_url":"","_links":{"self":[{"href":"https:\/\/krets.jagareforbundet.se\/varnamo\/wp-json\/wp\/v2\/posts\/359","targetHints":{"allow":["GET"]}}],"collection":[{"href":"https:\/\/krets.jagareforbundet.se\/varnamo\/wp-json\/wp\/v2\/posts"}],"about":[{"href":"https:\/\/krets.jagareforbundet.se\/varnamo\/wp-json\/wp\/v2\/types\/post"}],"author":[{"embeddable":true,"href":"https:\/\/krets.jagareforbundet.se\/varnamo\/wp-json\/wp\/v2\/users\/279"}],"replies":[{"embeddable":true,"href":"https:\/\/krets.jagareforbundet.se\/varnamo\/wp-json\/wp\/v2\/comments?post=359"}],"version-history":[{"count":3,"href":"https:\/\/krets.jagareforbundet.se\/varnamo\/wp-json\/wp\/v2\/posts\/359\/revisions"}],"predecessor-version":[{"id":392,"href":"https:\/\/krets.jagareforbundet.se\/varnamo\/wp-json\/wp\/v2\/posts\/359\/revisions\/392"}],"wp:attachment":[{"href":"https:\/\/krets.jagareforbundet.se\/varnamo\/wp-json\/wp\/v2\/media?parent=359"}],"wp:term":[{"taxonomy":"category","embeddable":true,"href":"https:\/\/krets.jagareforbundet.se\/varnamo\/wp-json\/wp\/v2\/categories?post=359"},{"taxonomy":"post_tag","embeddable":true,"href":"https:\/\/krets.jagareforbundet.se\/varnamo\/wp-json\/wp\/v2\/tags?post=359"}],"curies":[{"name":"wp","href":"https:\/\/api.w.org\/{rel}","templated":true}]}}