{"id":404,"date":"2022-09-12T11:54:43","date_gmt":"2022-09-12T09:54:43","guid":{"rendered":"https:\/\/krets.jagareforbundet.se\/varnamo\/?p=404"},"modified":"2022-09-12T12:02:47","modified_gmt":"2022-09-12T10:02:47","slug":"kurs-eftersok-med-hund","status":"publish","type":"post","link":"https:\/\/krets.jagareforbundet.se\/varnamo\/2022\/09\/12\/kurs-eftersok-med-hund\/","title":{"rendered":"Kurs efters\u00f6k med hund"},"content":{"rendered":"<p>Den 10\/9 hade J\u00e4garef\u00f6rbundet V\u00e4rnamo en aktivitetsdag f\u00f6r kvinnliga deltagare d\u00e4r efters\u00f6k var huvudinriktningen.<\/p>\n<p>Dagen till \u00e4ra hade vi n\u00f6jet att anv\u00e4nda oss av Helena Lyckoskog som instrukt\u00f6r\/ledare.<\/p>\n<p>P\u00e5 teoridelen visades b\u00e5de bra och mindre bra utrustning man beh\u00f6ver ha vid efters\u00f6k och som samtidigt fungerar f\u00f6r hunden och dig.<\/p>\n<p>N\u00e4r dagen summerades s\u00e5 fanns det ingen som inte hade f\u00e5tt sina f\u00f6rv\u00e4ntningar uppfyllda och kanske lite mer d\u00e4rtill.<\/p>\n<p>Ett stort tack fr\u00e5n oss p\u00e5 J\u00e4garef\u00f6rbundet i V\u00e4rnamo b\u00e5de till de deltagande ekipagen och Helena Lyckoskog som guidade igenom denna dagen.<\/p>\n<div id=\"attachment_413\" style=\"width: 378px\" class=\"wp-caption aligncenter\"><a href=\"https:\/\/krets.jagareforbundet.se\/varnamo\/files\/2022\/09\/Basset-Fauve.png\"><img loading=\"lazy\" decoding=\"async\" aria-describedby=\"caption-attachment-413\" class=\"wp-image-413 \" src=\"https:\/\/krets.jagareforbundet.se\/varnamo\/files\/2022\/09\/Basset-Fauve-300x193.png\" alt=\"\" width=\"368\" height=\"237\" srcset=\"https:\/\/krets.jagareforbundet.se\/varnamo\/files\/2022\/09\/Basset-Fauve-300x193.png 300w, https:\/\/krets.jagareforbundet.se\/varnamo\/files\/2022\/09\/Basset-Fauve.png 702w\" sizes=\"auto, (max-width: 368px) 100vw, 368px\" \/><\/a><p id=\"caption-attachment-413\" class=\"wp-caption-text\">Basset Fauve<\/p><\/div>\n<div id=\"attachment_414\" style=\"width: 359px\" class=\"wp-caption aligncenter\"><a href=\"https:\/\/krets.jagareforbundet.se\/varnamo\/files\/2022\/09\/Eftersok-Basset.png\"><img loading=\"lazy\" decoding=\"async\" aria-describedby=\"caption-attachment-414\" class=\"wp-image-414 \" src=\"https:\/\/krets.jagareforbundet.se\/varnamo\/files\/2022\/09\/Eftersok-Basset-300x214.png\" alt=\"\" width=\"349\" height=\"249\" srcset=\"https:\/\/krets.jagareforbundet.se\/varnamo\/files\/2022\/09\/Eftersok-Basset-300x214.png 300w, https:\/\/krets.jagareforbundet.se\/varnamo\/files\/2022\/09\/Eftersok-Basset.png 702w\" sizes=\"auto, (max-width: 349px) 100vw, 349px\" \/><\/a><p id=\"caption-attachment-414\" class=\"wp-caption-text\">Sp\u00e5rning Basset Fauve<\/p><\/div>\n<p><a href=\"https:\/\/krets.jagareforbundet.se\/varnamo\/files\/2022\/09\/Eftersok-uppat.png\"><img loading=\"lazy\" decoding=\"async\" class=\"wp-image-415 aligncenter\" src=\"https:\/\/krets.jagareforbundet.se\/varnamo\/files\/2022\/09\/Eftersok-uppat-300x275.png\" alt=\"\" width=\"357\" height=\"327\" srcset=\"https:\/\/krets.jagareforbundet.se\/varnamo\/files\/2022\/09\/Eftersok-uppat-300x275.png 300w, https:\/\/krets.jagareforbundet.se\/varnamo\/files\/2022\/09\/Eftersok-uppat.png 708w\" sizes=\"auto, (max-width: 357px) 100vw, 357px\" \/><\/a><\/p>\n<div id=\"attachment_416\" style=\"width: 398px\" class=\"wp-caption aligncenter\"><a href=\"https:\/\/krets.jagareforbundet.se\/varnamo\/files\/2022\/09\/Grahund.png\"><img loading=\"lazy\" decoding=\"async\" aria-describedby=\"caption-attachment-416\" class=\"wp-image-416 \" src=\"https:\/\/krets.jagareforbundet.se\/varnamo\/files\/2022\/09\/Grahund-300x288.png\" alt=\"\" width=\"388\" height=\"373\" srcset=\"https:\/\/krets.jagareforbundet.se\/varnamo\/files\/2022\/09\/Grahund-300x288.png 300w, https:\/\/krets.jagareforbundet.se\/varnamo\/files\/2022\/09\/Grahund.png 700w\" sizes=\"auto, (max-width: 388px) 100vw, 388px\" \/><\/a><p id=\"caption-attachment-416\" class=\"wp-caption-text\">Gr\u00e5hund med kl\u00f6v<\/p><\/div>\n<div id=\"attachment_417\" style=\"width: 389px\" class=\"wp-caption aligncenter\"><a href=\"https:\/\/krets.jagareforbundet.se\/varnamo\/files\/2022\/09\/Laika.png\"><img loading=\"lazy\" decoding=\"async\" aria-describedby=\"caption-attachment-417\" class=\" wp-image-417\" src=\"https:\/\/krets.jagareforbundet.se\/varnamo\/files\/2022\/09\/Laika-263x300.png\" alt=\"\" width=\"379\" height=\"433\" srcset=\"https:\/\/krets.jagareforbundet.se\/varnamo\/files\/2022\/09\/Laika-263x300.png 263w, https:\/\/krets.jagareforbundet.se\/varnamo\/files\/2022\/09\/Laika.png 546w\" sizes=\"auto, (max-width: 379px) 100vw, 379px\" \/><\/a><p id=\"caption-attachment-417\" class=\"wp-caption-text\">Laika med kl\u00f6v<\/p><\/div>\n<div id=\"attachment_418\" style=\"width: 713px\" class=\"wp-caption aligncenter\"><a href=\"https:\/\/krets.jagareforbundet.se\/varnamo\/files\/2022\/09\/Samling.png\"><img loading=\"lazy\" decoding=\"async\" aria-describedby=\"caption-attachment-418\" class=\"wp-image-418 size-full\" src=\"https:\/\/krets.jagareforbundet.se\/varnamo\/files\/2022\/09\/Samling.png\" alt=\"\" width=\"703\" height=\"498\" srcset=\"https:\/\/krets.jagareforbundet.se\/varnamo\/files\/2022\/09\/Samling.png 703w, https:\/\/krets.jagareforbundet.se\/varnamo\/files\/2022\/09\/Samling-300x213.png 300w\" sizes=\"auto, (max-width: 703px) 100vw, 703px\" \/><\/a><p id=\"caption-attachment-418\" class=\"wp-caption-text\">Samling f\u00f6r teori<\/p><\/div>\n<p><a href=\"https:\/\/krets.jagareforbundet.se\/varnamo\/files\/2022\/09\/Sparhund.png\"><img loading=\"lazy\" decoding=\"async\" class=\"wp-image-419 aligncenter\" src=\"https:\/\/krets.jagareforbundet.se\/varnamo\/files\/2022\/09\/Sparhund-300x262.png\" alt=\"\" width=\"484\" height=\"423\" srcset=\"https:\/\/krets.jagareforbundet.se\/varnamo\/files\/2022\/09\/Sparhund-300x262.png 300w, https:\/\/krets.jagareforbundet.se\/varnamo\/files\/2022\/09\/Sparhund.png 703w\" sizes=\"auto, (max-width: 484px) 100vw, 484px\" \/><\/a><\/p>\n<div id=\"attachment_420\" style=\"width: 473px\" class=\"wp-caption aligncenter\"><a href=\"https:\/\/krets.jagareforbundet.se\/varnamo\/files\/2022\/09\/Tjejer.png\"><img loading=\"lazy\" decoding=\"async\" aria-describedby=\"caption-attachment-420\" class=\" wp-image-420\" src=\"https:\/\/krets.jagareforbundet.se\/varnamo\/files\/2022\/09\/Tjejer-300x188.png\" alt=\"\" width=\"463\" height=\"290\" srcset=\"https:\/\/krets.jagareforbundet.se\/varnamo\/files\/2022\/09\/Tjejer-300x188.png 300w, https:\/\/krets.jagareforbundet.se\/varnamo\/files\/2022\/09\/Tjejer.png 699w\" sizes=\"auto, (max-width: 463px) 100vw, 463px\" \/><\/a><p id=\"caption-attachment-420\" class=\"wp-caption-text\">Genomg\u00e5ng och tips i skogen<\/p><\/div>\n<p>&nbsp;<\/p>\n","protected":false},"excerpt":{"rendered":"<p>Den 10\/9 hade J\u00e4garef\u00f6rbundet V\u00e4rnamo en aktivitetsdag f\u00f6r kvinnliga deltagare d\u00e4r efters\u00f6k var huvudinriktningen. Dagen till \u00e4ra hade vi n\u00f6jet att anv\u00e4nda oss av Helena Lyckoskog som instrukt\u00f6r\/ledare. P\u00e5 teoridelen visades b\u00e5de bra och mindre bra utrustning man beh\u00f6ver ha vid efters\u00f6k och som samtidigt fungerar f\u00f6r hunden och dig. N\u00e4r dagen summerades s\u00e5 fanns [&hellip;]<\/p>\n","protected":false},"author":279,"featured_media":0,"comment_status":"open","ping_status":"open","sticky":true,"template":"","format":"standard","meta":{"footnotes":""},"categories":[26,21],"tags":[],"class_list":["post-404","post","type-post","status-publish","format-standard","hentry","category-eftersok","category-varnamo-jaktvardskrets"],"jetpack_featured_media_url":"","_links":{"self":[{"href":"https:\/\/krets.jagareforbundet.se\/varnamo\/wp-json\/wp\/v2\/posts\/404","targetHints":{"allow":["GET"]}}],"collection":[{"href":"https:\/\/krets.jagareforbundet.se\/varnamo\/wp-json\/wp\/v2\/posts"}],"about":[{"href":"https:\/\/krets.jagareforbundet.se\/varnamo\/wp-json\/wp\/v2\/types\/post"}],"author":[{"embeddable":true,"href":"https:\/\/krets.jagareforbundet.se\/varnamo\/wp-json\/wp\/v2\/users\/279"}],"replies":[{"embeddable":true,"href":"https:\/\/krets.jagareforbundet.se\/varnamo\/wp-json\/wp\/v2\/comments?post=404"}],"version-history":[{"count":3,"href":"https:\/\/krets.jagareforbundet.se\/varnamo\/wp-json\/wp\/v2\/posts\/404\/revisions"}],"predecessor-version":[{"id":424,"href":"https:\/\/krets.jagareforbundet.se\/varnamo\/wp-json\/wp\/v2\/posts\/404\/revisions\/424"}],"wp:attachment":[{"href":"https:\/\/krets.jagareforbundet.se\/varnamo\/wp-json\/wp\/v2\/media?parent=404"}],"wp:term":[{"taxonomy":"category","embeddable":true,"href":"https:\/\/krets.jagareforbundet.se\/varnamo\/wp-json\/wp\/v2\/categories?post=404"},{"taxonomy":"post_tag","embeddable":true,"href":"https:\/\/krets.jagareforbundet.se\/varnamo\/wp-json\/wp\/v2\/tags?post=404"}],"curies":[{"name":"wp","href":"https:\/\/api.w.org\/{rel}","templated":true}]}}