{"id":425,"date":"2022-09-12T17:11:13","date_gmt":"2022-09-12T15:11:13","guid":{"rendered":"https:\/\/krets.jagareforbundet.se\/varnamo\/?p=425"},"modified":"2022-09-24T12:04:37","modified_gmt":"2022-09-24T10:04:37","slug":"inbjudan-till-jakt-for-kvinnliga-jagare","status":"publish","type":"post","link":"https:\/\/krets.jagareforbundet.se\/varnamo\/2022\/09\/12\/inbjudan-till-jakt-for-kvinnliga-jagare\/","title":{"rendered":"Inbjudan till jakt f\u00f6r kvinnliga j\u00e4gare"},"content":{"rendered":"<p><strong>Sm\u00e5viltsjakt<\/strong><\/p>\n<p>Den\u00a0 23\/10 <strong>(23\/10 \u00e4r fullbokad)<\/strong> kommer vi kunna erbjuda sm\u00e5viltsjakt tillsammans med ett jaktlag i trakten av V\u00e4rnamo.<\/p>\n<p>Kostnad f\u00f6r detta \u00e4r 100:-\/person och per jakttillf\u00e4lle.<\/p>\n<p>Max deltagare per g\u00e5ng \u00e4r 10 st och anm\u00e4lan \u00e4r &#8221;f\u00f6rst till kvarn&#8221; .<\/p>\n<p>D\u00e5 antalet \u00e4r begr\u00e4nsat \u00e4r vi tacksamma om man avanm\u00e4ler sig vid f\u00f6rhinder s\u00e5 n\u00e5gon annan kan f\u00e5 chansen.<\/p>\n<p>Vid\u00a0 fullt deltagarantal s\u00e5 kommer ni f\u00e5 information om tid och plats samt utrustning (radio\/pejl osv).<\/p>\n<p><strong>FULLBOKAT<\/strong><\/p>\n<p>&nbsp;<\/p>\n<p><strong>Enbart hagelvapen dessa dagar<\/strong><\/p>\n<p><strong>Medlem i J\u00e4garef\u00f6rbundet<\/strong><\/p>\n<p>&nbsp;<\/p>\n","protected":false},"excerpt":{"rendered":"<p>Sm\u00e5viltsjakt Den\u00a0 23\/10 (23\/10 \u00e4r fullbokad) kommer vi kunna erbjuda sm\u00e5viltsjakt tillsammans med ett jaktlag i trakten av V\u00e4rnamo. Kostnad f\u00f6r detta \u00e4r 100:-\/person och per jakttillf\u00e4lle. Max deltagare per g\u00e5ng \u00e4r 10 st och anm\u00e4lan \u00e4r &#8221;f\u00f6rst till kvarn&#8221; . D\u00e5 antalet \u00e4r begr\u00e4nsat \u00e4r vi tacksamma om man avanm\u00e4ler sig vid f\u00f6rhinder s\u00e5 [&hellip;]<\/p>\n","protected":false},"author":279,"featured_media":0,"comment_status":"open","ping_status":"open","sticky":true,"template":"","format":"standard","meta":{"footnotes":""},"categories":[1],"tags":[],"class_list":["post-425","post","type-post","status-publish","format-standard","hentry","category-okategoriserade"],"jetpack_featured_media_url":"","_links":{"self":[{"href":"https:\/\/krets.jagareforbundet.se\/varnamo\/wp-json\/wp\/v2\/posts\/425","targetHints":{"allow":["GET"]}}],"collection":[{"href":"https:\/\/krets.jagareforbundet.se\/varnamo\/wp-json\/wp\/v2\/posts"}],"about":[{"href":"https:\/\/krets.jagareforbundet.se\/varnamo\/wp-json\/wp\/v2\/types\/post"}],"author":[{"embeddable":true,"href":"https:\/\/krets.jagareforbundet.se\/varnamo\/wp-json\/wp\/v2\/users\/279"}],"replies":[{"embeddable":true,"href":"https:\/\/krets.jagareforbundet.se\/varnamo\/wp-json\/wp\/v2\/comments?post=425"}],"version-history":[{"count":3,"href":"https:\/\/krets.jagareforbundet.se\/varnamo\/wp-json\/wp\/v2\/posts\/425\/revisions"}],"predecessor-version":[{"id":457,"href":"https:\/\/krets.jagareforbundet.se\/varnamo\/wp-json\/wp\/v2\/posts\/425\/revisions\/457"}],"wp:attachment":[{"href":"https:\/\/krets.jagareforbundet.se\/varnamo\/wp-json\/wp\/v2\/media?parent=425"}],"wp:term":[{"taxonomy":"category","embeddable":true,"href":"https:\/\/krets.jagareforbundet.se\/varnamo\/wp-json\/wp\/v2\/categories?post=425"},{"taxonomy":"post_tag","embeddable":true,"href":"https:\/\/krets.jagareforbundet.se\/varnamo\/wp-json\/wp\/v2\/tags?post=425"}],"curies":[{"name":"wp","href":"https:\/\/api.w.org\/{rel}","templated":true}]}}